{"id":88398,"date":"2026-09-04T01:17:39","date_gmt":"2026-09-04T01:17:39","guid":{"rendered":"https:\/\/elterritorialweb.com.ar\/web\/?p=88398"},"modified":"2026-09-04T01:17:42","modified_gmt":"2026-09-04T01:17:42","slug":"milei-anuncio-medidas-urgentes-contra-la-explotacion-petrolera-britanica-en-malvinas","status":"publish","type":"post","link":"https:\/\/elterritorialweb.com.ar\/web\/milei-anuncio-medidas-urgentes-contra-la-explotacion-petrolera-britanica-en-malvinas\/","title":{"rendered":"MILEI ANUNCI\u00d3 MEDIDAS URGENTES CONTRA LA EXPLOTACI\u00d3N PETROLERA BRIT\u00c1NICA EN MALVINAS"},"content":{"rendered":"\n<p class=\"wp-block-paragraph\">En un sorpresivo mensaje transmitido por cadena nacional, el presidente <strong>Javier Milei anunci\u00f3 un severo paquete de medidas para defender la soberan\u00eda argentina en las Islas Malvinas<\/strong>. El mandatario advirti\u00f3 sobre el peligro concreto y urgente que representa el avance del proyecto brit\u00e1nico <em>Sea Lion<\/em> para la explotaci\u00f3n de hidrocarburos en el Atl\u00e1ntico Sur. Acompa\u00f1ado por la totalidad de su Gabinete de ministros desde el Sal\u00f3n Blanco de la Casa Rosada, el jefe de Estado ratific\u00f3 la postura inclaudicable del pa\u00eds sobre el archipi\u00e9lago.<\/p>\n\n\n\n<p class=\"wp-block-paragraph\">Para contrarrestar el avance unilateral del Reino Unido, el Ejecutivo dict\u00f3 un <strong>decreto reglamentario urgente que acelera las sanciones contra corporaciones extranjeras<\/strong> que operen ilegalmente en la plataforma continental. Esta medida se complementar\u00e1 con el env\u00edo al Congreso de un <strong>proyecto de Ley de Defensa de la Soberan\u00eda<\/strong>, dise\u00f1ado especialmente para blindar los recursos naturales y endurecer las penalizaciones de la Ley de Hidrocarburos contra aquellas firmas que colaboren directa o indirectamente con los proyectos isle\u00f1os.<\/p>\n\n\n\n<p class=\"wp-block-paragraph\">En materia estrat\u00e9gica y de control territorial, Milei confirm\u00f3 la <strong>construcci\u00f3n de una base naval en Tierra del Fuego<\/strong> y un <strong>incremento presupuestario destinado al Ministerio de Defensa<\/strong> para el reequipamiento de las Fuerzas Armadas. La alocuci\u00f3n oficial se produjo tras el regreso del mandatario de un viaje rel\u00e1mpago a Chile y en medio de un fuerte impacto geopol\u00edtico por recientes declaraciones del presidente estadounidense Donald Trump, quien desliz\u00f3 la posibilidad de revisar la tradicional postura neutral de Washington sobre el conflicto austral. Al cerrar su discurso de quince minutos, el presidente reafirm\u00f3 que la recuperaci\u00f3n pac\u00edfica de las islas contin\u00faa siendo una causa nacional irrenunciable.<\/p>\n","protected":false},"excerpt":{"rendered":"<p>El presidente de la Naci\u00f3n utiliz\u00f3 la cadena nacional para advertir sobre el proyecto Sea Lion y anticipar el endurecimiento de sanciones, reformas legislativas y la construcci\u00f3n de una base naval en Tierra del Fuego.<\/p>\n","protected":false},"author":2,"featured_media":88399,"comment_status":"open","ping_status":"open","sticky":false,"template":"","format":"standard","meta":{"om_disable_all_campaigns":false,"_monsterinsights_skip_tracking":false,"_uf_show_specific_survey":0,"_uf_disable_surveys":false,"_jetpack_newsletter_access":"","_jetpack_dont_email_post_to_subs":false,"_jetpack_newsletter_tier_id":0,"_jetpack_memberships_contains_paywalled_content":false,"_jetpack_feature_clip_id":0,"_jetpack_memberships_contains_paid_content":false,"footnotes":"","jetpack_publicize_message":"","jetpack_publicize_feature_enabled":true,"jetpack_social_post_already_shared":true,"jetpack_social_options":{"image_generator_settings":{"template":"highway","default_image_id":0,"font":"","enabled":false},"version":2},"jetpack_post_was_ever_published":false},"categories":[4,7],"tags":[1454,92],"class_list":["post-88398","post","type-post","status-publish","format-standard","has-post-thumbnail","hentry","category-destacadas","category-nacionales","tag-cadena-nacional","tag-javier-milei"],"aioseo_notices":[],"views":10,"jetpack_publicize_connections":[],"jetpack_sharing_enabled":true,"jetpack_featured_media_url":"https:\/\/i0.wp.com\/elterritorialweb.com.ar\/web\/wp-content\/uploads\/2026\/09\/Screenshot_20260903_221442_YouTube.jpg?fit=1791%2C829&ssl=1","_links":{"self":[{"href":"https:\/\/elterritorialweb.com.ar\/web\/wp-json\/wp\/v2\/posts\/88398","targetHints":{"allow":["GET"]}}],"collection":[{"href":"https:\/\/elterritorialweb.com.ar\/web\/wp-json\/wp\/v2\/posts"}],"about":[{"href":"https:\/\/elterritorialweb.com.ar\/web\/wp-json\/wp\/v2\/types\/post"}],"author":[{"embeddable":true,"href":"https:\/\/elterritorialweb.com.ar\/web\/wp-json\/wp\/v2\/users\/2"}],"replies":[{"embeddable":true,"href":"https:\/\/elterritorialweb.com.ar\/web\/wp-json\/wp\/v2\/comments?post=88398"}],"version-history":[{"count":1,"href":"https:\/\/elterritorialweb.com.ar\/web\/wp-json\/wp\/v2\/posts\/88398\/revisions"}],"predecessor-version":[{"id":88400,"href":"https:\/\/elterritorialweb.com.ar\/web\/wp-json\/wp\/v2\/posts\/88398\/revisions\/88400"}],"wp:featuredmedia":[{"embeddable":true,"href":"https:\/\/elterritorialweb.com.ar\/web\/wp-json\/wp\/v2\/media\/88399"}],"wp:attachment":[{"href":"https:\/\/elterritorialweb.com.ar\/web\/wp-json\/wp\/v2\/media?parent=88398"}],"wp:term":[{"taxonomy":"category","embeddable":true,"href":"https:\/\/elterritorialweb.com.ar\/web\/wp-json\/wp\/v2\/categories?post=88398"},{"taxonomy":"post_tag","embeddable":true,"href":"https:\/\/elterritorialweb.com.ar\/web\/wp-json\/wp\/v2\/tags?post=88398"}],"curies":[{"name":"wp","href":"https:\/\/api.w.org\/{rel}","templated":true}]}}