{"id":88405,"date":"2026-09-04T01:30:40","date_gmt":"2026-09-04T01:30:40","guid":{"rendered":"https:\/\/elterritorialweb.com.ar\/web\/?p=88405"},"modified":"2026-09-04T01:30:42","modified_gmt":"2026-09-04T01:30:42","slug":"con-gran-exito-finalizo-la-xxiii-feria-provincial-de-ciencia-y-tecnologia","status":"publish","type":"post","link":"https:\/\/elterritorialweb.com.ar\/web\/con-gran-exito-finalizo-la-xxiii-feria-provincial-de-ciencia-y-tecnologia\/","title":{"rendered":"CON GRAN \u00c9XITO FINALIZ\u00d3 LA XXIII FERIA PROVINCIAL DE CIENCIA Y TECNOLOG\u00cdA"},"content":{"rendered":"\n<p class=\"wp-block-paragraph\">\u200bEl Nodo Tecnol\u00f3gico se visti\u00f3 de fiesta con un gran marco de p\u00fablico y un balance altamente positivo durante la <strong>XXIII Feria Provincial de Ciencia y Tecnolog\u00eda<\/strong>, evento que se desarroll\u00f3 a lo largo de este mi\u00e9rcoles 2 y jueves 3 de septiembre. La ceremonia de clausura reuni\u00f3 a destacadas autoridades, entre ellas el secretario de Ciencia y Tecnolog\u00eda, <strong>Adri\u00e1n Su\u00e1rez<\/strong>; el subsecretario de Educaci\u00f3n, <strong>Alejandro P\u00edccoli<\/strong>; el director de Gesti\u00f3n P\u00fablica, <strong>Ricardo Montenegro<\/strong>; y la coordinadora jurisdiccional de Ferias de Ciencia y Tecnolog\u00eda, <strong>Mar\u00eda Dell \u2018Aringa<\/strong>, quienes acompa\u00f1aron al cuerpo de evaluadores.<\/p>\n\n\n\n<p class=\"wp-block-paragraph\">\u200bLuego de una rigurosa tarea de evaluaci\u00f3n, el jurado dio a conocer la selecci\u00f3n de las <strong>propuestas ganadoras<\/strong> que representar\u00e1n a la provincia en la pr\u00f3xima etapa. La n\u00f3mina de elegidos abarca trabajos provenientes de <strong>todos los niveles educativos<\/strong>, desde el Inicial hasta el Primario y Secundario, pertenecientes tanto a las ciudades de Capital y La Banda como a diversos rincones del interior provincial.<\/p>\n\n\n\n<p class=\"wp-block-paragraph\">\u200bLos proyectos seleccionados competir\u00e1n en la <strong>instancia nacional<\/strong>, la cual se desplegar\u00e1 en distintas sedes del pa\u00eds durante los pr\u00f3ximos meses. La primera cita tendr\u00e1 lugar del <strong>6 al 9 de octubre en San Luis<\/strong>, mientras que el segundo encuentro se llevar\u00e1 a cabo del <strong>20 al 23 de octubre en San Salvador de Jujuy<\/strong>. La etapa final de este circuito federal se concretar\u00e1 en la ciudad de <strong>C\u00f3rdoba, del 23 al 27 de noviembre<\/strong>.<\/p>\n\n\n\n<p class=\"wp-block-paragraph\">\u200bDurante las palabras de cierre, <strong>Adri\u00e1n Su\u00e1rez<\/strong> remarc\u00f3 la importancia de esta edici\u00f3n, enmarcada de manera especial en los <strong>10 a\u00f1os del Nodo Tecnol\u00f3gico<\/strong>, al tiempo que expres\u00f3 un profundo agradecimiento a la comunidad docente y a los estudiantes participantes. Asimismo, la autoridad valor\u00f3 el firme <strong>impulso del Gobierno provincial<\/strong> hacia estas iniciativas educativas, subrayando el valor de fomentar el <strong>aprendizaje<\/strong>, el <strong>uso de nuevas tecnolog\u00edas<\/strong> y una <strong>formaci\u00f3n integral<\/strong> que prepare a ni\u00f1os y j\u00f3venes para responder a los desaf\u00edos del presente y del futuro.<\/p>\n","protected":false},"excerpt":{"rendered":"<p>\u200bEl Nodo Tecnol\u00f3gico se visti\u00f3 de fiesta con un gran marco de p\u00fablico y un&#8230;<\/p>\n","protected":false},"author":2,"featured_media":88406,"comment_status":"open","ping_status":"open","sticky":false,"template":"","format":"standard","meta":{"om_disable_all_campaigns":false,"_monsterinsights_skip_tracking":false,"_uf_show_specific_survey":0,"_uf_disable_surveys":false,"_jetpack_newsletter_access":"","_jetpack_dont_email_post_to_subs":false,"_jetpack_newsletter_tier_id":0,"_jetpack_memberships_contains_paywalled_content":false,"_jetpack_feature_clip_id":0,"_jetpack_memberships_contains_paid_content":false,"footnotes":"","jetpack_publicize_message":"","jetpack_publicize_feature_enabled":true,"jetpack_social_post_already_shared":true,"jetpack_social_options":{"image_generator_settings":{"template":"highway","default_image_id":0,"font":"","enabled":false},"version":2},"jetpack_post_was_ever_published":false},"categories":[4,21],"tags":[417],"class_list":["post-88405","post","type-post","status-publish","format-standard","has-post-thumbnail","hentry","category-destacadas","category-locales","tag-feria-de-ciencia-y-tecnologia-nodo"],"aioseo_notices":[],"views":9,"jetpack_publicize_connections":[],"jetpack_sharing_enabled":true,"jetpack_featured_media_url":"https:\/\/i0.wp.com\/elterritorialweb.com.ar\/web\/wp-content\/uploads\/2026\/09\/IMG-20260903-WA0045.jpg?fit=2560%2C1736&ssl=1","_links":{"self":[{"href":"https:\/\/elterritorialweb.com.ar\/web\/wp-json\/wp\/v2\/posts\/88405","targetHints":{"allow":["GET"]}}],"collection":[{"href":"https:\/\/elterritorialweb.com.ar\/web\/wp-json\/wp\/v2\/posts"}],"about":[{"href":"https:\/\/elterritorialweb.com.ar\/web\/wp-json\/wp\/v2\/types\/post"}],"author":[{"embeddable":true,"href":"https:\/\/elterritorialweb.com.ar\/web\/wp-json\/wp\/v2\/users\/2"}],"replies":[{"embeddable":true,"href":"https:\/\/elterritorialweb.com.ar\/web\/wp-json\/wp\/v2\/comments?post=88405"}],"version-history":[{"count":1,"href":"https:\/\/elterritorialweb.com.ar\/web\/wp-json\/wp\/v2\/posts\/88405\/revisions"}],"predecessor-version":[{"id":88407,"href":"https:\/\/elterritorialweb.com.ar\/web\/wp-json\/wp\/v2\/posts\/88405\/revisions\/88407"}],"wp:featuredmedia":[{"embeddable":true,"href":"https:\/\/elterritorialweb.com.ar\/web\/wp-json\/wp\/v2\/media\/88406"}],"wp:attachment":[{"href":"https:\/\/elterritorialweb.com.ar\/web\/wp-json\/wp\/v2\/media?parent=88405"}],"wp:term":[{"taxonomy":"category","embeddable":true,"href":"https:\/\/elterritorialweb.com.ar\/web\/wp-json\/wp\/v2\/categories?post=88405"},{"taxonomy":"post_tag","embeddable":true,"href":"https:\/\/elterritorialweb.com.ar\/web\/wp-json\/wp\/v2\/tags?post=88405"}],"curies":[{"name":"wp","href":"https:\/\/api.w.org\/{rel}","templated":true}]}}