{"id":88433,"date":"2026-09-04T03:20:15","date_gmt":"2026-09-04T03:20:15","guid":{"rendered":"https:\/\/elterritorialweb.com.ar\/web\/?p=88433"},"modified":"2026-09-04T03:20:18","modified_gmt":"2026-09-04T03:20:18","slug":"planeador-v-celebra-20-anos-de-homenaje-a-soda-stereo-y-gustavo-cerati-en-el-teatro-25-de-mayo","status":"publish","type":"post","link":"https:\/\/elterritorialweb.com.ar\/web\/planeador-v-celebra-20-anos-de-homenaje-a-soda-stereo-y-gustavo-cerati-en-el-teatro-25-de-mayo\/","title":{"rendered":"PLANEADOR V CELEBRA 20 A\u00d1OS DE HOMENAJE A SODA STEREO Y GUSTAVO CERATI EN EL TEATRO 25 DE MAYO"},"content":{"rendered":"\n<p class=\"wp-block-paragraph\">\u200bLa m\u00fasica que marc\u00f3 a distintas generaciones volver\u00e1 a resonar con fuerza en el coraz\u00f3n de la ciudad. La banda cordobesa <strong>Planeador V<\/strong> se presentar\u00e1 el <strong>s\u00e1bado 26 de septiembre a las 21 horas<\/strong> en el emblem\u00e1tico <strong>Teatro 25 de Mayo<\/strong>, en el marco de una fecha muy especial que conmemora dos d\u00e9cadas de trayectoria ininterrumpida rindiendo tributo a una de las obras m\u00e1s influyentes de la historia musical.<\/p>\n\n\n\n<p class=\"wp-block-paragraph\">\u200bBajo la emotiva consigna <strong>\u201c20 a\u00f1os tocando canciones que nos cambiaron la vida\u201d<\/strong>, la agrupaci\u00f3n propone un recorrido exhaustivo por el repertorio de <strong>Soda Stereo y Gustavo Cerati<\/strong>. A lo largo de estas dos d\u00e9cadas, el grupo ha construido su identidad art\u00edstica basada en el <strong>respeto, la emoci\u00f3n y una puesta en escena de gran potencia<\/strong>, logrando capturar la sensibilidad \u00fanica de ese universo sonoro.<\/p>\n\n\n\n<p class=\"wp-block-paragraph\">\u200bEste concierto de aniversario no solo repasar\u00e1 himnos inolvidables, sino que tambi\u00e9n pondr\u00e1 en valor el <strong>v\u00ednculo consolidado con el p\u00fablico<\/strong>, reuniendo en una misma sala a seguidores hist\u00f3ricos y a las nuevas generaciones que contin\u00faan descubriendo este legado. Las entradas para la funci\u00f3n tienen un costo que va desde los <strong>$30.000 hasta los $45.000<\/strong> y se encuentran disponibles para su compra a trav\u00e9s de <strong>Norteticket.com<\/strong> y en la <strong>boleter\u00eda del teatro<\/strong>.<\/p>\n","protected":false},"excerpt":{"rendered":"<p>\u200bLa reconocida agrupaci\u00f3n cordobesa desembarcar\u00e1 a fin de mes en Santiago del Estero con un espect\u00e1culo aniversario que repasar\u00e1 los grandes \u00edconos del rock nacional y latinoamericano.<\/p>\n","protected":false},"author":2,"featured_media":88434,"comment_status":"open","ping_status":"open","sticky":false,"template":"","format":"standard","meta":{"om_disable_all_campaigns":false,"_monsterinsights_skip_tracking":false,"_uf_show_specific_survey":0,"_uf_disable_surveys":false,"_jetpack_newsletter_access":"","_jetpack_dont_email_post_to_subs":false,"_jetpack_newsletter_tier_id":0,"_jetpack_memberships_contains_paywalled_content":false,"_jetpack_feature_clip_id":0,"_jetpack_memberships_contains_paid_content":false,"footnotes":"","jetpack_publicize_message":"","jetpack_publicize_feature_enabled":true,"jetpack_social_post_already_shared":true,"jetpack_social_options":{"image_generator_settings":{"template":"highway","default_image_id":0,"font":"","enabled":false},"version":2},"jetpack_post_was_ever_published":false},"categories":[4,20],"tags":[1896,1431],"class_list":["post-88433","post","type-post","status-publish","format-standard","has-post-thumbnail","hentry","category-destacadas","category-especysociales","tag-planeador-v","tag-teatro-25-de-mayo"],"aioseo_notices":[],"views":7,"jetpack_publicize_connections":[],"jetpack_sharing_enabled":true,"jetpack_featured_media_url":"https:\/\/i0.wp.com\/elterritorialweb.com.ar\/web\/wp-content\/uploads\/2026\/09\/IMG-20260903-WA0047.jpg?fit=1080%2C720&ssl=1","_links":{"self":[{"href":"https:\/\/elterritorialweb.com.ar\/web\/wp-json\/wp\/v2\/posts\/88433","targetHints":{"allow":["GET"]}}],"collection":[{"href":"https:\/\/elterritorialweb.com.ar\/web\/wp-json\/wp\/v2\/posts"}],"about":[{"href":"https:\/\/elterritorialweb.com.ar\/web\/wp-json\/wp\/v2\/types\/post"}],"author":[{"embeddable":true,"href":"https:\/\/elterritorialweb.com.ar\/web\/wp-json\/wp\/v2\/users\/2"}],"replies":[{"embeddable":true,"href":"https:\/\/elterritorialweb.com.ar\/web\/wp-json\/wp\/v2\/comments?post=88433"}],"version-history":[{"count":1,"href":"https:\/\/elterritorialweb.com.ar\/web\/wp-json\/wp\/v2\/posts\/88433\/revisions"}],"predecessor-version":[{"id":88435,"href":"https:\/\/elterritorialweb.com.ar\/web\/wp-json\/wp\/v2\/posts\/88433\/revisions\/88435"}],"wp:featuredmedia":[{"embeddable":true,"href":"https:\/\/elterritorialweb.com.ar\/web\/wp-json\/wp\/v2\/media\/88434"}],"wp:attachment":[{"href":"https:\/\/elterritorialweb.com.ar\/web\/wp-json\/wp\/v2\/media?parent=88433"}],"wp:term":[{"taxonomy":"category","embeddable":true,"href":"https:\/\/elterritorialweb.com.ar\/web\/wp-json\/wp\/v2\/categories?post=88433"},{"taxonomy":"post_tag","embeddable":true,"href":"https:\/\/elterritorialweb.com.ar\/web\/wp-json\/wp\/v2\/tags?post=88433"}],"curies":[{"name":"wp","href":"https:\/\/api.w.org\/{rel}","templated":true}]}}