{"id":88436,"date":"2026-09-04T18:22:19","date_gmt":"2026-09-04T18:22:19","guid":{"rendered":"https:\/\/elterritorialweb.com.ar\/web\/?p=88436"},"modified":"2026-09-04T18:22:22","modified_gmt":"2026-09-04T18:22:22","slug":"destacada-participacion-de-magistrados-santiaguenos-en-la-22-libroferia-de-paraguay","status":"publish","type":"post","link":"https:\/\/elterritorialweb.com.ar\/web\/destacada-participacion-de-magistrados-santiaguenos-en-la-22-libroferia-de-paraguay\/","title":{"rendered":"DESTACADA PARTICIPACI\u00d3N DE MAGISTRADOS SANTIAGUE\u00d1OS EN LA 22\u00b0 LIBROFERIA DE PARAGUAY"},"content":{"rendered":"\n<p class=\"wp-block-paragraph\">\u200bLa ciudad paraguaya de <strong>Encarnaci\u00f3n<\/strong> alberg\u00f3 la 22\u00aa edici\u00f3n de la <strong>LibroFeria<\/strong>, un encuentro acad\u00e9mico y cultural de gran relevancia regional que cont\u00f3 con la destacada presencia de representantes de la justicia santiague\u00f1a. Invited por la instituci\u00f3n organizadora, el vicepresidente primero del <strong>Superior Tribunal de Justicia<\/strong>, Dr. Eduardo Llugdar, y la jueza de Control y Garant\u00edas con competencia penal juvenil, Dra. \u00c9rika Casagrande Valdueza, formaron parte del cuerpo de disertantes principales.<\/p>\n\n\n\n<p class=\"wp-block-paragraph\">\u200bDurante la <strong>Noche Jur\u00eddica<\/strong>, el Dr. Llugdar abord\u00f3 su obra <strong>\u201cMiradas Constitucionales Divergentes\u201d<\/strong>, espacio en el que ofreci\u00f3 un an\u00e1lisis exhaustivo sobre aspectos normativos y jurisdiccionales vinculados a las Cartas Magnas, generando un debate enriquecedor con los asistentes. Desde la organizaci\u00f3n remarcaron que su intervenci\u00f3n sintetiz\u00f3 de manera equilibrada el <strong>constitucionalismo<\/strong>, los <strong>derechos humanos<\/strong>, la <strong>historia judicial<\/strong> y el rol de la magistratura, destacando la solidez de su trayectoria y su capacidad para transmitir conceptos complejos de forma accesible.<\/p>\n\n\n\n<p class=\"wp-block-paragraph\">\u200bA su turno, la Dra. Casagrande Valdueza present\u00f3 la obra <strong>\u201cTemas de Derechos Humanos\u201d<\/strong>, de la cual es coautora, ofreciendo una disertaci\u00f3n enfocada en la <strong>defensa de los derechos fundamentales<\/strong>. En una iniciativa orientada a la democratizaci\u00f3n del conocimiento, la magistrada puso a disposici\u00f3n del p\u00fablico el acceso gratuito a la publicaci\u00f3n mediante un <strong>c\u00f3digo QR<\/strong>.<\/p>\n\n\n\n<p class=\"wp-block-paragraph\">\u200bEl evento, desarrollado en el <strong>Auditorio Central<\/strong> de la Universidad Aut\u00f3noma de Encarnaci\u00f3n, reuni\u00f3 a una nutrida concurrencia integrada por estudiantes, abogados, jueces, dirigentes gremiales, referentes del \u00e1mbito acad\u00e9mico y el <strong>c\u00f3nsul argentino<\/strong> acreditado en el vecino pa\u00eds. La apertura formal de la jornada estuvo a cargo del <strong>Dr. Ricardo Biazzi<\/strong>, ex rector de la Universidad Nacional de Misiones, quien expuso sobre la investigaci\u00f3n <strong>\u201cEl Caso Dorneles\u201d<\/strong>, obra de Sergio Alvez que reconstruye la primera condena judicial por violencia institucional en la Argentina.<\/p>\n\n\n\n<p class=\"wp-block-paragraph\">\u200bA modo de cierre, las autoridades del encuentro destacaron que el valor esencial de la jornada radic\u00f3 en comprender que el <strong>Derecho<\/strong> excede los marcos normativos y los tribunales tradicionales, encontrando un espacio vital en los libros, la formaci\u00f3n acad\u00e9mica, la historia y en el compromiso de quienes buscan transformar la realidad a trav\u00e9s de decisiones justas.<\/p>\n","protected":false},"excerpt":{"rendered":"<p>\u200bEl Dr. Eduardo Llugdar y la Dra. \u00c9rika Casagrande Valdueza expusieron sobre obras literarias de su autor\u00eda durante la denominada Noche Jur\u00eddica, tras ser invitados formalmente por la Universidad Aut\u00f3noma de Encarnaci\u00f3n.<\/p>\n","protected":false},"author":2,"featured_media":88437,"comment_status":"open","ping_status":"open","sticky":false,"template":"","format":"standard","meta":{"om_disable_all_campaigns":false,"_monsterinsights_skip_tracking":false,"_uf_show_specific_survey":0,"_uf_disable_surveys":false,"_jetpack_newsletter_access":"","_jetpack_dont_email_post_to_subs":false,"_jetpack_newsletter_tier_id":0,"_jetpack_memberships_contains_paywalled_content":false,"_jetpack_feature_clip_id":0,"_jetpack_memberships_contains_paid_content":false,"footnotes":"","jetpack_publicize_message":"","jetpack_publicize_feature_enabled":true,"jetpack_social_post_already_shared":true,"jetpack_social_options":{"image_generator_settings":{"template":"highway","default_image_id":0,"font":"","enabled":false},"version":2},"jetpack_post_was_ever_published":false},"categories":[4,38],"tags":[536],"class_list":["post-88436","post","type-post","status-publish","format-standard","has-post-thumbnail","hentry","category-destacadas","category-judiciales","tag-dr-eduardo-llugdar"],"aioseo_notices":[],"views":4,"jetpack_publicize_connections":[],"jetpack_sharing_enabled":true,"jetpack_featured_media_url":"https:\/\/i0.wp.com\/elterritorialweb.com.ar\/web\/wp-content\/uploads\/2026\/09\/ENCP-1.jpeg?fit=825%2C768&ssl=1","_links":{"self":[{"href":"https:\/\/elterritorialweb.com.ar\/web\/wp-json\/wp\/v2\/posts\/88436","targetHints":{"allow":["GET"]}}],"collection":[{"href":"https:\/\/elterritorialweb.com.ar\/web\/wp-json\/wp\/v2\/posts"}],"about":[{"href":"https:\/\/elterritorialweb.com.ar\/web\/wp-json\/wp\/v2\/types\/post"}],"author":[{"embeddable":true,"href":"https:\/\/elterritorialweb.com.ar\/web\/wp-json\/wp\/v2\/users\/2"}],"replies":[{"embeddable":true,"href":"https:\/\/elterritorialweb.com.ar\/web\/wp-json\/wp\/v2\/comments?post=88436"}],"version-history":[{"count":1,"href":"https:\/\/elterritorialweb.com.ar\/web\/wp-json\/wp\/v2\/posts\/88436\/revisions"}],"predecessor-version":[{"id":88438,"href":"https:\/\/elterritorialweb.com.ar\/web\/wp-json\/wp\/v2\/posts\/88436\/revisions\/88438"}],"wp:featuredmedia":[{"embeddable":true,"href":"https:\/\/elterritorialweb.com.ar\/web\/wp-json\/wp\/v2\/media\/88437"}],"wp:attachment":[{"href":"https:\/\/elterritorialweb.com.ar\/web\/wp-json\/wp\/v2\/media?parent=88436"}],"wp:term":[{"taxonomy":"category","embeddable":true,"href":"https:\/\/elterritorialweb.com.ar\/web\/wp-json\/wp\/v2\/categories?post=88436"},{"taxonomy":"post_tag","embeddable":true,"href":"https:\/\/elterritorialweb.com.ar\/web\/wp-json\/wp\/v2\/tags?post=88436"}],"curies":[{"name":"wp","href":"https:\/\/api.w.org\/{rel}","templated":true}]}}