{"id":88446,"date":"2026-09-04T19:13:11","date_gmt":"2026-09-04T19:13:11","guid":{"rendered":"https:\/\/elterritorialweb.com.ar\/web\/?p=88446"},"modified":"2026-09-04T19:13:13","modified_gmt":"2026-09-04T19:13:13","slug":"ola-de-robos-de-espejos-retrovisores-de-motos-sacude-al-barrio-altos-del-golf","status":"publish","type":"post","link":"https:\/\/elterritorialweb.com.ar\/web\/ola-de-robos-de-espejos-retrovisores-de-motos-sacude-al-barrio-altos-del-golf\/","title":{"rendered":"OLA DE ROBOS DE ESPEJOS RETROVISORES DE MOTOS SACUDE AL BARRIO ALTOS DEL GOLF"},"content":{"rendered":"\n<p class=\"wp-block-paragraph\">\u200b\u200bUna <strong>ola de robos en cadena<\/strong> gener\u00f3 una profunda indignaci\u00f3n entre los residentes del <strong>barrio Altos del Golf<\/strong>, ubicado en la zona norte de la capital santiague\u00f1a. Durante las primeras horas de la madrugada de este <strong>viernes 4 de septiembre<\/strong>, una serie de il\u00edcitos afect\u00f3 de manera simult\u00e1nea a <strong>diversos propietarios de motocicletas<\/strong>, cuyos veh\u00edculos se encontraban estacionados tanto en las veredas como en los garajes del vecindario.<\/p>\n\n\n\n<figure class=\"wp-block-image size-large\"><a href=\"https:\/\/i0.wp.com\/elterritorialweb.com.ar\/web\/wp-content\/uploads\/2026\/09\/1000564539.jpg?ssl=1\"><img data-recalc-dims=\"1\" decoding=\"async\" width=\"640\" height=\"564\" data-src=\"https:\/\/i0.wp.com\/elterritorialweb.com.ar\/web\/wp-content\/uploads\/2026\/09\/1000564539-1024x903.jpg?resize=640%2C564&#038;ssl=1\" alt=\"\" class=\"wp-image-88450 lazyload\" data-srcset=\"https:\/\/i0.wp.com\/elterritorialweb.com.ar\/web\/wp-content\/uploads\/2026\/09\/1000564539.jpg?resize=1024%2C903&amp;ssl=1 1024w, https:\/\/i0.wp.com\/elterritorialweb.com.ar\/web\/wp-content\/uploads\/2026\/09\/1000564539.jpg?resize=300%2C264&amp;ssl=1 300w, https:\/\/i0.wp.com\/elterritorialweb.com.ar\/web\/wp-content\/uploads\/2026\/09\/1000564539.jpg?resize=768%2C677&amp;ssl=1 768w, https:\/\/i0.wp.com\/elterritorialweb.com.ar\/web\/wp-content\/uploads\/2026\/09\/1000564539.jpg?w=1080&amp;ssl=1 1080w\" data-sizes=\"(max-width: 640px) 100vw, 640px\" src=\"data:image\/svg+xml;base64,PHN2ZyB3aWR0aD0iMSIgaGVpZ2h0PSIxIiB4bWxucz0iaHR0cDovL3d3dy53My5vcmcvMjAwMC9zdmciPjwvc3ZnPg==\" style=\"--smush-placeholder-width: 640px; --smush-placeholder-aspect-ratio: 640\/564;\" \/><\/a><\/figure>\n\n\n\n<p class=\"wp-block-paragraph\">\u200bDe acuerdo con el testimonio de los damnificados, el accionar delictivo se desencaden\u00f3 a partir de las <strong>4:46 de la ma\u00f1ana<\/strong>. En cuesti\u00f3n de minutos, los malvivientes actuaron con una <strong>notable rapidez<\/strong> para sustraer de manera sistem\u00e1tica los <strong>espejos retrovisores<\/strong> de las unidades estacionadas, dejando a varios rodados desmantelados antes del amanecer.<\/p>\n\n\n\n<figure class=\"wp-block-image size-large\"><a href=\"https:\/\/i0.wp.com\/elterritorialweb.com.ar\/web\/wp-content\/uploads\/2026\/09\/Screenshot_20260904_160447_Gallery.jpg\"><img data-recalc-dims=\"1\" decoding=\"async\" width=\"640\" height=\"319\" data-src=\"https:\/\/i0.wp.com\/elterritorialweb.com.ar\/web\/wp-content\/uploads\/2026\/09\/Screenshot_20260904_160447_Gallery.jpg?resize=640%2C319\" alt=\"\" class=\"wp-image-88449 lazyload\" data-srcset=\"https:\/\/i0.wp.com\/elterritorialweb.com.ar\/web\/wp-content\/uploads\/2026\/09\/Screenshot_20260904_160447_Gallery.jpg?resize=1024%2C510&amp;ssl=1 1024w, https:\/\/i0.wp.com\/elterritorialweb.com.ar\/web\/wp-content\/uploads\/2026\/09\/Screenshot_20260904_160447_Gallery.jpg?resize=300%2C149&amp;ssl=1 300w, https:\/\/i0.wp.com\/elterritorialweb.com.ar\/web\/wp-content\/uploads\/2026\/09\/Screenshot_20260904_160447_Gallery.jpg?resize=768%2C383&amp;ssl=1 768w, https:\/\/i0.wp.com\/elterritorialweb.com.ar\/web\/wp-content\/uploads\/2026\/09\/Screenshot_20260904_160447_Gallery.jpg?w=1080&amp;ssl=1 1080w\" data-sizes=\"(max-width: 640px) 100vw, 640px\" src=\"data:image\/svg+xml;base64,PHN2ZyB3aWR0aD0iMSIgaGVpZ2h0PSIxIiB4bWxucz0iaHR0cDovL3d3dy53My5vcmcvMjAwMC9zdmciPjwvc3ZnPg==\" style=\"--smush-placeholder-width: 640px; --smush-placeholder-aspect-ratio: 640\/319;\" \/><\/a><\/figure>\n\n\n\n<p class=\"wp-block-paragraph\">\u200bEl despliegue de los sospechosos qued\u00f3 completamente registrado por las <strong>c\u00e1maras de seguridad<\/strong> instaladas en el sector. Este material audiovisual clave ya fue presentado ante la <strong>Comisar\u00eda N\u00b049<\/strong> para respaldar las <strong>denuncias formales<\/strong> radicadas por la comunidad. Los afectados aguardan una <strong>pronta respuesta de las autoridades policiales<\/strong> y solicitan de forma urgente la <strong>intensificaci\u00f3n de los patrullajes preventivos<\/strong> para frenar la inseguridad en la zona.<\/p>\n","protected":false},"excerpt":{"rendered":"<p>Vecinos del barrio Altos del Golf sufrieron robos en cadena durante la madrugada de este viernes y exigen mayor presencia policial en la zona.<\/p>\n","protected":false},"author":2,"featured_media":88447,"comment_status":"open","ping_status":"open","sticky":false,"template":"","format":"standard","meta":{"om_disable_all_campaigns":false,"_monsterinsights_skip_tracking":false,"_uf_show_specific_survey":0,"_uf_disable_surveys":false,"_jetpack_newsletter_access":"","_jetpack_dont_email_post_to_subs":false,"_jetpack_newsletter_tier_id":0,"_jetpack_memberships_contains_paywalled_content":false,"_jetpack_feature_clip_id":0,"_jetpack_memberships_contains_paid_content":false,"footnotes":"","jetpack_publicize_message":"","jetpack_publicize_feature_enabled":true,"jetpack_social_post_already_shared":true,"jetpack_social_options":{"image_generator_settings":{"template":"highway","default_image_id":0,"font":"","enabled":false},"version":2},"jetpack_post_was_ever_published":false},"categories":[4,36],"tags":[],"class_list":["post-88446","post","type-post","status-publish","format-standard","has-post-thumbnail","hentry","category-destacadas","category-policiales"],"aioseo_notices":[],"views":8,"jetpack_publicize_connections":[],"jetpack_sharing_enabled":true,"jetpack_featured_media_url":"https:\/\/i0.wp.com\/elterritorialweb.com.ar\/web\/wp-content\/uploads\/2026\/09\/Screenshot_20260904_160233_WhatsApp.jpg?fit=1080%2C529&ssl=1","_links":{"self":[{"href":"https:\/\/elterritorialweb.com.ar\/web\/wp-json\/wp\/v2\/posts\/88446","targetHints":{"allow":["GET"]}}],"collection":[{"href":"https:\/\/elterritorialweb.com.ar\/web\/wp-json\/wp\/v2\/posts"}],"about":[{"href":"https:\/\/elterritorialweb.com.ar\/web\/wp-json\/wp\/v2\/types\/post"}],"author":[{"embeddable":true,"href":"https:\/\/elterritorialweb.com.ar\/web\/wp-json\/wp\/v2\/users\/2"}],"replies":[{"embeddable":true,"href":"https:\/\/elterritorialweb.com.ar\/web\/wp-json\/wp\/v2\/comments?post=88446"}],"version-history":[{"count":1,"href":"https:\/\/elterritorialweb.com.ar\/web\/wp-json\/wp\/v2\/posts\/88446\/revisions"}],"predecessor-version":[{"id":88451,"href":"https:\/\/elterritorialweb.com.ar\/web\/wp-json\/wp\/v2\/posts\/88446\/revisions\/88451"}],"wp:featuredmedia":[{"embeddable":true,"href":"https:\/\/elterritorialweb.com.ar\/web\/wp-json\/wp\/v2\/media\/88447"}],"wp:attachment":[{"href":"https:\/\/elterritorialweb.com.ar\/web\/wp-json\/wp\/v2\/media?parent=88446"}],"wp:term":[{"taxonomy":"category","embeddable":true,"href":"https:\/\/elterritorialweb.com.ar\/web\/wp-json\/wp\/v2\/categories?post=88446"},{"taxonomy":"post_tag","embeddable":true,"href":"https:\/\/elterritorialweb.com.ar\/web\/wp-json\/wp\/v2\/tags?post=88446"}],"curies":[{"name":"wp","href":"https:\/\/api.w.org\/{rel}","templated":true}]}}