{"id":88492,"date":"2026-09-05T02:53:43","date_gmt":"2026-09-05T02:53:43","guid":{"rendered":"https:\/\/elterritorialweb.com.ar\/web\/?p=88492"},"modified":"2026-09-05T02:53:46","modified_gmt":"2026-09-05T02:53:46","slug":"empate-sin-goles-en-caballito-mitre-sumo-un-punto-de-visitante-ante-ferro","status":"publish","type":"post","link":"https:\/\/elterritorialweb.com.ar\/web\/empate-sin-goles-en-caballito-mitre-sumo-un-punto-de-visitante-ante-ferro\/","title":{"rendered":"EMPATE SIN GOLES EN CABALLITO: MITRE SUM\u00d3 UN PUNTO DE VISITANTE ANTE FERRO"},"content":{"rendered":"\n<p class=\"wp-block-paragraph\">\u200bEl encuentro disputado en el <strong>Estadio Ricardo Etcheverri<\/strong> present\u00f3 un desarrollo parejo e intenso desde el silbatazo inicial del \u00e1rbitro <strong>Juan Pablo Loustau<\/strong>. Durante la primera mitad, el conjunto local intent\u00f3 tomar la iniciativa mediante el juego asociado de Enzo Hoyos y la velocidad de \u00c1ngel Gonz\u00e1lez por las bandas. Sin embargo, <strong>la s\u00f3lida respuesta defensiva de Mitre, liderada por Ignacio Pietrobono bajo los tres palos y el firme trabajo de la dupla central compuesta por Jonathan Cabral y Daniel Abello<\/strong>, neutraliz\u00f3 cada intento del Verde.<\/p>\n\n\n\n<p class=\"wp-block-paragraph\">\u200bPor su parte, la escuadra dirigida por <strong>Claudio Biaggio<\/strong> apost\u00f3 a un esquema ordenado en el mediocampo con la experiencia de Juan Alessandroni como eje, buscando lastimar de contraataque a trav\u00e9s de las incursiones de Marcos Machado y Mateo Maldonado. Aunque ambos equipos lograron aproximarse a las \u00e1reas rivales, <strong>la falta de efectividad en la estocada final y la buena labor de los arqueros Fernando Monetti y Pietrobono determinaron que el marcador terminara en cero<\/strong>.<\/p>\n\n\n\n<figure class=\"wp-block-image size-full\"><a href=\"https:\/\/i0.wp.com\/elterritorialweb.com.ar\/web\/wp-content\/uploads\/2026\/09\/1000564999.jpg?ssl=1\"><img data-recalc-dims=\"1\" decoding=\"async\" width=\"640\" height=\"492\" data-src=\"https:\/\/i0.wp.com\/elterritorialweb.com.ar\/web\/wp-content\/uploads\/2026\/09\/1000564999.jpg?resize=640%2C492&#038;ssl=1\" alt=\"\" class=\"wp-image-88493 lazyload\" data-srcset=\"https:\/\/i0.wp.com\/elterritorialweb.com.ar\/web\/wp-content\/uploads\/2026\/09\/1000564999.jpg?w=1638&amp;ssl=1 1638w, https:\/\/i0.wp.com\/elterritorialweb.com.ar\/web\/wp-content\/uploads\/2026\/09\/1000564999.jpg?resize=300%2C231&amp;ssl=1 300w, https:\/\/i0.wp.com\/elterritorialweb.com.ar\/web\/wp-content\/uploads\/2026\/09\/1000564999.jpg?resize=1024%2C787&amp;ssl=1 1024w, https:\/\/i0.wp.com\/elterritorialweb.com.ar\/web\/wp-content\/uploads\/2026\/09\/1000564999.jpg?resize=768%2C590&amp;ssl=1 768w, https:\/\/i0.wp.com\/elterritorialweb.com.ar\/web\/wp-content\/uploads\/2026\/09\/1000564999.jpg?resize=1536%2C1181&amp;ssl=1 1536w, https:\/\/i0.wp.com\/elterritorialweb.com.ar\/web\/wp-content\/uploads\/2026\/09\/1000564999.jpg?w=1280 1280w\" data-sizes=\"(max-width: 640px) 100vw, 640px\" src=\"data:image\/svg+xml;base64,PHN2ZyB3aWR0aD0iMSIgaGVpZ2h0PSIxIiB4bWxucz0iaHR0cDovL3d3dy53My5vcmcvMjAwMC9zdmciPjwvc3ZnPg==\" style=\"--smush-placeholder-width: 640px; --smush-placeholder-aspect-ratio: 640\/492;\" \/><\/a><\/figure>\n\n\n\n<p class=\"wp-block-paragraph\">\u200bEn el complemento, los entrenadores movieron sus bancos en busca de mayor profundidad ofensiva. <strong>Juan Manuel Sara<\/strong> dispuso los ingresos de Emanuel Dening y Gonzalo Castellani para darle mayor peso al ataque de Ferro, mientras que el Pampa Biaggio renov\u00f3 el aire en la ofensiva aurinegra con el ingreso de Agust\u00edn Ram\u00edrez, Gabriel Valdivia y Juan Pablo Z\u00e1rate en el tramo final del partido. A pesar de las variantes t\u00e1cticas y los roces propios de un duelo apretado, ninguno logr\u00f3 romper la paridad antes del cierre de los 90 minutos.<\/p>\n\n\n\n<p class=\"wp-block-paragraph\">\u200bCon este punto valioso conseguido fuera de casa, <strong>el Decano santiague\u00f1o ya enfoca su atenci\u00f3n en su pr\u00f3ximo compromiso<\/strong>. Por la fecha 29 del certamen, <strong>Mitre recibir\u00e1 al Club Chaco For Ever el pr\u00f3ximo domingo 13 de septiembre a las 16:00 en condici\u00f3n de local<\/strong>, donde buscar\u00e1 reencontrarse con la victoria ante su gente para seguir escalando posiciones en la tabla.<\/p>\n\n\n\n<figure class=\"wp-block-image size-large\"><a href=\"https:\/\/i0.wp.com\/elterritorialweb.com.ar\/web\/wp-content\/uploads\/2026\/09\/1000564998.jpg?ssl=1\"><img data-recalc-dims=\"1\" decoding=\"async\" width=\"640\" height=\"428\" data-src=\"https:\/\/i0.wp.com\/elterritorialweb.com.ar\/web\/wp-content\/uploads\/2026\/09\/1000564998-1024x684.jpg?resize=640%2C428&#038;ssl=1\" alt=\"\" class=\"wp-image-88494 lazyload\" data-srcset=\"https:\/\/i0.wp.com\/elterritorialweb.com.ar\/web\/wp-content\/uploads\/2026\/09\/1000564998.jpg?resize=1024%2C684&amp;ssl=1 1024w, https:\/\/i0.wp.com\/elterritorialweb.com.ar\/web\/wp-content\/uploads\/2026\/09\/1000564998.jpg?resize=300%2C200&amp;ssl=1 300w, https:\/\/i0.wp.com\/elterritorialweb.com.ar\/web\/wp-content\/uploads\/2026\/09\/1000564998.jpg?resize=768%2C513&amp;ssl=1 768w, https:\/\/i0.wp.com\/elterritorialweb.com.ar\/web\/wp-content\/uploads\/2026\/09\/1000564998.jpg?w=1208&amp;ssl=1 1208w\" data-sizes=\"(max-width: 640px) 100vw, 640px\" src=\"data:image\/svg+xml;base64,PHN2ZyB3aWR0aD0iMSIgaGVpZ2h0PSIxIiB4bWxucz0iaHR0cDovL3d3dy53My5vcmcvMjAwMC9zdmciPjwvc3ZnPg==\" style=\"--smush-placeholder-width: 640px; --smush-placeholder-aspect-ratio: 640\/428;\" \/><\/a><\/figure>\n\n\n\n<p class=\"wp-block-paragraph\">\u200b<strong>Alineaciones y datos del partido:<\/strong><\/p>\n\n\n\n<p class=\"wp-block-paragraph\">\u200b<strong>Ferro Carril Oeste (0):<\/strong> Fernando Monetti; Sebasti\u00e1n Corda, Federico T\u00e9vez, Gustavo Canto, Emiliano Ozuna (80&#8242; N. Kihm); Gini Olgu\u00edn, Mat\u00edas Kabalin (62&#8242; E. Dening), Enzo Hoyos (80&#8242; Esidin), Laureano Marra (69&#8242; G. Castellani); \u00c1ngel Gonz\u00e1lez, Santiago Garc\u00eda (80&#8242; Pepe). DT: Juan Manuel Sara.<\/p>\n\n\n\n<p class=\"wp-block-paragraph\">\u200b<strong>Club Atl\u00e9tico Mitre (0):<\/strong> Ignacio Pietrobono; Br\u00edan Mieres, Jonathan Cabral, Daniel Abello, Franco Ferrari; Lautaro Mendoza (78&#8242; G. Valdivia), Juan Alessandroni, Mart\u00edn V\u00e1squez, Enzo Avaro; Marcos Machado (94&#8242; J. P. Z\u00e1rate), Mateo Maldonado (60&#8242; A. Ram\u00edrez). DT: Claudio Biaggio.<\/p>\n\n\n\n<p class=\"wp-block-paragraph\">\u200b<strong>\u00c1rbitro:<\/strong> Juan Pablo Loustau (Asistentes: Mario Bardina y Federico Lapalma. Cuarto \u00e1rbitro: Mat\u00edas Ansede).<\/p>\n\n\n\n<p class=\"wp-block-paragraph\"><strong>Estadio:<\/strong> Ricardo Etcheverri.<\/p>\n","protected":false},"excerpt":{"rendered":"<p>El Club Atl\u00e9tico Mitre igual\u00f3 0 a 0 en su visita a Ferro Carril Oeste por la vig\u00e9sima octava fecha de la Zona A del Torneo de la Primera Nacional 2026. Con este resultado, el conjunto santiague\u00f1o alcanz\u00f3 los 31 puntos y se ubica en el puesto 11 de la tabla de posiciones, manteniendo intactas sus aspiraciones dentro de la categor\u00eda.<\/p>\n","protected":false},"author":2,"featured_media":88490,"comment_status":"open","ping_status":"open","sticky":false,"template":"","format":"standard","meta":{"om_disable_all_campaigns":false,"_monsterinsights_skip_tracking":false,"_uf_show_specific_survey":0,"_uf_disable_surveys":false,"_jetpack_newsletter_access":"","_jetpack_dont_email_post_to_subs":false,"_jetpack_newsletter_tier_id":0,"_jetpack_memberships_contains_paywalled_content":false,"_jetpack_feature_clip_id":0,"_jetpack_memberships_contains_paid_content":false,"footnotes":"","jetpack_publicize_message":"","jetpack_publicize_feature_enabled":true,"jetpack_social_post_already_shared":true,"jetpack_social_options":{"image_generator_settings":{"template":"highway","default_image_id":0,"font":"","enabled":false},"version":2},"jetpack_post_was_ever_published":false},"categories":[6,4],"tags":[1717,1160,94],"class_list":["post-88492","post","type-post","status-publish","format-standard","has-post-thumbnail","hentry","category-deportes","category-destacadas","tag-club-atletico-mitre-2","tag-ferrocarril-oeste","tag-primera-nacional"],"aioseo_notices":[],"views":8,"jetpack_publicize_connections":[],"jetpack_sharing_enabled":true,"jetpack_featured_media_url":"https:\/\/i0.wp.com\/elterritorialweb.com.ar\/web\/wp-content\/uploads\/2026\/09\/1000564997.jpg?fit=787%2C526&ssl=1","_links":{"self":[{"href":"https:\/\/elterritorialweb.com.ar\/web\/wp-json\/wp\/v2\/posts\/88492","targetHints":{"allow":["GET"]}}],"collection":[{"href":"https:\/\/elterritorialweb.com.ar\/web\/wp-json\/wp\/v2\/posts"}],"about":[{"href":"https:\/\/elterritorialweb.com.ar\/web\/wp-json\/wp\/v2\/types\/post"}],"author":[{"embeddable":true,"href":"https:\/\/elterritorialweb.com.ar\/web\/wp-json\/wp\/v2\/users\/2"}],"replies":[{"embeddable":true,"href":"https:\/\/elterritorialweb.com.ar\/web\/wp-json\/wp\/v2\/comments?post=88492"}],"version-history":[{"count":1,"href":"https:\/\/elterritorialweb.com.ar\/web\/wp-json\/wp\/v2\/posts\/88492\/revisions"}],"predecessor-version":[{"id":88495,"href":"https:\/\/elterritorialweb.com.ar\/web\/wp-json\/wp\/v2\/posts\/88492\/revisions\/88495"}],"wp:attachment":[{"href":"https:\/\/elterritorialweb.com.ar\/web\/wp-json\/wp\/v2\/media?parent=88492"}],"wp:term":[{"taxonomy":"category","embeddable":true,"href":"https:\/\/elterritorialweb.com.ar\/web\/wp-json\/wp\/v2\/categories?post=88492"},{"taxonomy":"post_tag","embeddable":true,"href":"https:\/\/elterritorialweb.com.ar\/web\/wp-json\/wp\/v2\/tags?post=88492"}],"curies":[{"name":"wp","href":"https:\/\/api.w.org\/{rel}","templated":true}]}}