{"id":88505,"date":"2026-09-05T19:00:39","date_gmt":"2026-09-05T19:00:39","guid":{"rendered":"https:\/\/elterritorialweb.com.ar\/web\/?p=88505"},"modified":"2026-09-05T19:00:42","modified_gmt":"2026-09-05T19:00:42","slug":"exito-total-en-la-sexta-marcha-de-los-bombos-en-las-termas-de-rio-hondo","status":"publish","type":"post","link":"https:\/\/elterritorialweb.com.ar\/web\/exito-total-en-la-sexta-marcha-de-los-bombos-en-las-termas-de-rio-hondo\/","title":{"rendered":"\u00c9XITO TOTAL EN LA SEXTA MARCHA DE LOS BOMBOS EN LAS TERMAS DE R\u00cdO HONDO"},"content":{"rendered":"\n<p class=\"wp-block-paragraph\">\u200b\u200bLas Termas de R\u00edo Hondo vivi\u00f3 este s\u00e1bado una jornada de fiesta y profundas ra\u00edces populares con la realizaci\u00f3n de la <strong>sexta edici\u00f3n de la Marcha de los Bombos<\/strong>. La masiva convocatoria, enmarcada en el <strong>72\u00b0 aniversario de la ciudad<\/strong>, reuni\u00f3 a cientos de vecinos y visitantes que hicieron vibrar las calles al ritmo del instrumento insignia de la provincia.<\/p>\n\n\n\n<p class=\"wp-block-paragraph\">\u200bLa movilizaci\u00f3n cultural cont\u00f3 con la presencia de la <strong>intendente Paula C\u00e1nepa<\/strong>, el <strong>diputado nacional Jorge Mukdise<\/strong> y los emblem\u00e1ticos referentes y creadores del evento, <strong>Teresa Castronuovo y el \u00abIndio\u00bb Froil\u00e1n Gonz\u00e1lez<\/strong>, quienes lideraron el trayecto con entusiasmo.<\/p>\n\n\n\n<figure class=\"wp-block-image size-large\"><a href=\"https:\/\/i0.wp.com\/elterritorialweb.com.ar\/web\/wp-content\/uploads\/2026\/09\/1000565593.jpg?ssl=1\"><img data-recalc-dims=\"1\" decoding=\"async\" width=\"640\" height=\"426\" data-src=\"https:\/\/i0.wp.com\/elterritorialweb.com.ar\/web\/wp-content\/uploads\/2026\/09\/1000565593-1024x682.jpg?resize=640%2C426&#038;ssl=1\" alt=\"\" class=\"wp-image-88507 lazyload\" data-srcset=\"https:\/\/i0.wp.com\/elterritorialweb.com.ar\/web\/wp-content\/uploads\/2026\/09\/1000565593.jpg?resize=1024%2C682&amp;ssl=1 1024w, https:\/\/i0.wp.com\/elterritorialweb.com.ar\/web\/wp-content\/uploads\/2026\/09\/1000565593.jpg?resize=300%2C200&amp;ssl=1 300w, https:\/\/i0.wp.com\/elterritorialweb.com.ar\/web\/wp-content\/uploads\/2026\/09\/1000565593.jpg?resize=768%2C512&amp;ssl=1 768w, https:\/\/i0.wp.com\/elterritorialweb.com.ar\/web\/wp-content\/uploads\/2026\/09\/1000565593.jpg?resize=1536%2C1023&amp;ssl=1 1536w, https:\/\/i0.wp.com\/elterritorialweb.com.ar\/web\/wp-content\/uploads\/2026\/09\/1000565593.jpg?w=1600&amp;ssl=1 1600w, https:\/\/i0.wp.com\/elterritorialweb.com.ar\/web\/wp-content\/uploads\/2026\/09\/1000565593.jpg?w=1280 1280w\" data-sizes=\"(max-width: 640px) 100vw, 640px\" src=\"data:image\/svg+xml;base64,PHN2ZyB3aWR0aD0iMSIgaGVpZ2h0PSIxIiB4bWxucz0iaHR0cDovL3d3dy53My5vcmcvMjAwMC9zdmciPjwvc3ZnPg==\" style=\"--smush-placeholder-width: 640px; --smush-placeholder-aspect-ratio: 640\/426;\" \/><\/a><\/figure>\n\n\n\n<p class=\"wp-block-paragraph\">\u200bEl recorrido inici\u00f3 en el <strong>Centro Cultural General San Mart\u00edn<\/strong> y avanz\u00f3 por el casco c\u00e9ntrico del principal destino tur\u00edstico santiague\u00f1o hasta culminar en la <strong>explanada del casino<\/strong>. Durante el trayecto, la columna realiz\u00f3 una emotiva parada frente al edificio municipal, donde un <strong>espect\u00e1culo de danza y m\u00fasica en vivo<\/strong> desat\u00f3 la ovaci\u00f3n de la multitud presente.<\/p>\n\n\n\n<p class=\"wp-block-paragraph\">\u200bLos organizadores destacaron la importancia de dar continuidad a este proyecto que <strong>fortalece la identidad cultural<\/strong> y promueve el amor por las tradiciones locales. Al finalizar la jornada, agradecieron el c\u00e1lido recibimiento del pueblo terme\u00f1o y renovaron su compromiso para que esta expresi\u00f3n popular <strong>contin\u00fae creciendo con alegr\u00eda y esperanza<\/strong> en sus pr\u00f3ximas ediciones.<\/p>\n","protected":false},"excerpt":{"rendered":"<p>Una multitud de vecinos y turistas acompa\u00f1\u00f3 el tradicional recorrido en el marco de las celebraciones por el 72\u00b0 aniversario de la ciudad.<\/p>\n","protected":false},"author":2,"featured_media":88506,"comment_status":"open","ping_status":"open","sticky":false,"template":"","format":"standard","meta":{"om_disable_all_campaigns":false,"_monsterinsights_skip_tracking":false,"_uf_show_specific_survey":0,"_uf_disable_surveys":false,"_jetpack_newsletter_access":"","_jetpack_dont_email_post_to_subs":false,"_jetpack_newsletter_tier_id":0,"_jetpack_memberships_contains_paywalled_content":false,"_jetpack_feature_clip_id":0,"_jetpack_memberships_contains_paid_content":false,"footnotes":"","jetpack_publicize_message":"","jetpack_publicize_feature_enabled":true,"jetpack_social_post_already_shared":true,"jetpack_social_options":{"image_generator_settings":{"template":"highway","default_image_id":0,"font":"","enabled":false},"version":2},"jetpack_post_was_ever_published":false},"categories":[4,633],"tags":[497,42],"class_list":["post-88505","post","type-post","status-publish","format-standard","has-post-thumbnail","hentry","category-destacadas","category-termas-de-rio-hondo","tag-marcha-de-los-bombos","tag-termas-de-rio-hondo"],"aioseo_notices":[],"views":7,"jetpack_publicize_connections":[],"jetpack_sharing_enabled":true,"jetpack_featured_media_url":"https:\/\/i0.wp.com\/elterritorialweb.com.ar\/web\/wp-content\/uploads\/2026\/09\/IMG-20260905-WA0034.jpg?fit=1600%2C1066&ssl=1","_links":{"self":[{"href":"https:\/\/elterritorialweb.com.ar\/web\/wp-json\/wp\/v2\/posts\/88505","targetHints":{"allow":["GET"]}}],"collection":[{"href":"https:\/\/elterritorialweb.com.ar\/web\/wp-json\/wp\/v2\/posts"}],"about":[{"href":"https:\/\/elterritorialweb.com.ar\/web\/wp-json\/wp\/v2\/types\/post"}],"author":[{"embeddable":true,"href":"https:\/\/elterritorialweb.com.ar\/web\/wp-json\/wp\/v2\/users\/2"}],"replies":[{"embeddable":true,"href":"https:\/\/elterritorialweb.com.ar\/web\/wp-json\/wp\/v2\/comments?post=88505"}],"version-history":[{"count":1,"href":"https:\/\/elterritorialweb.com.ar\/web\/wp-json\/wp\/v2\/posts\/88505\/revisions"}],"predecessor-version":[{"id":88508,"href":"https:\/\/elterritorialweb.com.ar\/web\/wp-json\/wp\/v2\/posts\/88505\/revisions\/88508"}],"wp:featuredmedia":[{"embeddable":true,"href":"https:\/\/elterritorialweb.com.ar\/web\/wp-json\/wp\/v2\/media\/88506"}],"wp:attachment":[{"href":"https:\/\/elterritorialweb.com.ar\/web\/wp-json\/wp\/v2\/media?parent=88505"}],"wp:term":[{"taxonomy":"category","embeddable":true,"href":"https:\/\/elterritorialweb.com.ar\/web\/wp-json\/wp\/v2\/categories?post=88505"},{"taxonomy":"post_tag","embeddable":true,"href":"https:\/\/elterritorialweb.com.ar\/web\/wp-json\/wp\/v2\/tags?post=88505"}],"curies":[{"name":"wp","href":"https:\/\/api.w.org\/{rel}","templated":true}]}}