{"id":88509,"date":"2026-09-05T23:08:04","date_gmt":"2026-09-05T23:08:04","guid":{"rendered":"https:\/\/elterritorialweb.com.ar\/web\/?p=88509"},"modified":"2026-09-05T23:08:06","modified_gmt":"2026-09-05T23:08:06","slug":"austin-wrighten-tras-su-llegada-a-olimpico-estoy-muy-contento-en-santiago-y-feliz-de-estar-aca","status":"publish","type":"post","link":"https:\/\/elterritorialweb.com.ar\/web\/austin-wrighten-tras-su-llegada-a-olimpico-estoy-muy-contento-en-santiago-y-feliz-de-estar-aca\/","title":{"rendered":"AUSTIN WRIGHTEN TRAS SU LLEGADA A OL\u00cdMPICO: \u00abESTOY MUY CONTENTO EN SANTIAGO Y FELIZ DE ESTAR AC\u00c1\u00bb"},"content":{"rendered":"\n<p class=\"wp-block-paragraph\">\u200bEl flamante escolta estadounidense se sum\u00f3 a la pretemporada del conjunto de La Banda de cara a la Liga Nacional 2026\/27, destac\u00f3 la recepci\u00f3n del plantel y ponder\u00f3 el liderazgo del entrenador Leonardo Costa ante un inicio de torneo que se anticipa exigente.<\/p>\n\n\n\n<p class=\"wp-block-paragraph\">\u200bAustin Wrighten atraviesa sus primeros d\u00edas en Santiago del Estero y ya comenz\u00f3 a integrarse al plantel profesional de <strong>Ol\u00edmpico<\/strong>, que contin\u00faa con una intensa preparaci\u00f3n de cara al inicio de la temporada <strong>2026\/27 de La Liga Nacional<\/strong>.<\/p>\n\n\n\n<p class=\"wp-block-paragraph\">\u200bEl escolta estadounidense valor\u00f3 sus primeras sensaciones en la instituci\u00f3n bande\u00f1a y destac\u00f3 el c\u00e1lido recibimiento que tuvo desde su desembarco. El jugador remarc\u00f3 que se encuentra <strong>muy contento en Santiago y feliz de estar en Ol\u00edmpico<\/strong>, resaltando la calidad de las instalaciones, el nivel de los entrenamientos y la excelente qu\u00edmica generada con sus nuevos compa\u00f1eros. En ese sentido, enfatiz\u00f3 que las sensaciones dentro del grupo son sumamente positivas y que se encuentra <strong>con muchas ganas de que lleguen los partidos<\/strong>.<\/p>\n\n\n\n<p class=\"wp-block-paragraph\">\u200bAsimismo, el refuerzo tuvo palabras elogiosas para el entrenador <strong>Leonardo Costa<\/strong>, a quien destac\u00f3 por la claridad de su concepto t\u00e1ctico y la comunicaci\u00f3n constante. Wrighten sostuvo que el director t\u00e9cnico los est\u00e1 preparando de manera \u00f3ptima, <strong>marcando el camino y ayudando a entender la propuesta de juego<\/strong> que pretende para el equipo.<\/p>\n\n\n\n<p class=\"wp-block-paragraph\">\u200bEl perimetral no esquiv\u00f3 la complejidad del fixture inicial que afrontar\u00e1 el Negro, con compromisos exigentes frente a <strong>Platense, Boca y Atenas<\/strong>. Al respecto, reconoci\u00f3 que <strong>al principio ser\u00e1 dif\u00edcil por un calendario muy duro<\/strong>, aunque subray\u00f3 que la preparaci\u00f3n diaria est\u00e1 enfocada en responder con altura a esos desaf\u00edos.<\/p>\n\n\n\n<p class=\"wp-block-paragraph\">\u200bFinalmente, de cara al debut oficial, Wrighten traz\u00f3 las metas colectivas para esta campa\u00f1a, se\u00f1alando que el objetivo principal es <strong>competir, conseguir victorias y llegar a los playoffs<\/strong>. Entusiasmado por el reencuentro con la parcialidad bande\u00f1a, concluy\u00f3 expresando sus ansias por ver el estadio colmado para acompa\u00f1ar al equipo en este nuevo ciclo.<\/p>\n","protected":false},"excerpt":{"rendered":"<p>\u200bEl flamante escolta estadounidense se sum\u00f3 a la pretemporada del conjunto de La Banda de cara a la Liga Nacional 2026\/27, destac\u00f3 la recepci\u00f3n del plantel y ponder\u00f3 el liderazgo del entrenador Leonardo Costa ante un inicio de torneo que se anticipa exigente.<\/p>\n","protected":false},"author":2,"featured_media":88510,"comment_status":"open","ping_status":"open","sticky":false,"template":"","format":"standard","meta":{"om_disable_all_campaigns":false,"_monsterinsights_skip_tracking":false,"_uf_show_specific_survey":0,"_uf_disable_surveys":false,"_jetpack_newsletter_access":"","_jetpack_dont_email_post_to_subs":false,"_jetpack_newsletter_tier_id":0,"_jetpack_memberships_contains_paywalled_content":false,"_jetpack_feature_clip_id":0,"_jetpack_memberships_contains_paid_content":false,"footnotes":"","jetpack_publicize_message":"","jetpack_publicize_feature_enabled":true,"jetpack_social_post_already_shared":true,"jetpack_social_options":{"image_generator_settings":{"template":"highway","default_image_id":0,"font":"","enabled":false},"version":2},"jetpack_post_was_ever_published":false},"categories":[6,4],"tags":[1897,707,107],"class_list":["post-88509","post","type-post","status-publish","format-standard","has-post-thumbnail","hentry","category-deportes","category-destacadas","tag-austin-wrighten","tag-club-ciclista-olimpico","tag-liga-nacional-de-basquet"],"aioseo_notices":[],"views":4,"jetpack_publicize_connections":[],"jetpack_sharing_enabled":true,"jetpack_featured_media_url":"https:\/\/i0.wp.com\/elterritorialweb.com.ar\/web\/wp-content\/uploads\/2026\/09\/Screenshot_20260905_200257_Chrome.jpg?fit=785%2C496&ssl=1","_links":{"self":[{"href":"https:\/\/elterritorialweb.com.ar\/web\/wp-json\/wp\/v2\/posts\/88509","targetHints":{"allow":["GET"]}}],"collection":[{"href":"https:\/\/elterritorialweb.com.ar\/web\/wp-json\/wp\/v2\/posts"}],"about":[{"href":"https:\/\/elterritorialweb.com.ar\/web\/wp-json\/wp\/v2\/types\/post"}],"author":[{"embeddable":true,"href":"https:\/\/elterritorialweb.com.ar\/web\/wp-json\/wp\/v2\/users\/2"}],"replies":[{"embeddable":true,"href":"https:\/\/elterritorialweb.com.ar\/web\/wp-json\/wp\/v2\/comments?post=88509"}],"version-history":[{"count":1,"href":"https:\/\/elterritorialweb.com.ar\/web\/wp-json\/wp\/v2\/posts\/88509\/revisions"}],"predecessor-version":[{"id":88511,"href":"https:\/\/elterritorialweb.com.ar\/web\/wp-json\/wp\/v2\/posts\/88509\/revisions\/88511"}],"wp:featuredmedia":[{"embeddable":true,"href":"https:\/\/elterritorialweb.com.ar\/web\/wp-json\/wp\/v2\/media\/88510"}],"wp:attachment":[{"href":"https:\/\/elterritorialweb.com.ar\/web\/wp-json\/wp\/v2\/media?parent=88509"}],"wp:term":[{"taxonomy":"category","embeddable":true,"href":"https:\/\/elterritorialweb.com.ar\/web\/wp-json\/wp\/v2\/categories?post=88509"},{"taxonomy":"post_tag","embeddable":true,"href":"https:\/\/elterritorialweb.com.ar\/web\/wp-json\/wp\/v2\/tags?post=88509"}],"curies":[{"name":"wp","href":"https:\/\/api.w.org\/{rel}","templated":true}]}}