{"id":88522,"date":"2026-09-06T15:09:27","date_gmt":"2026-09-06T15:09:27","guid":{"rendered":"https:\/\/elterritorialweb.com.ar\/web\/?p=88522"},"modified":"2026-09-06T15:12:48","modified_gmt":"2026-09-06T15:12:48","slug":"a-mil-dias-del-inicio-del-mandato-de-javier-milei-balance-de-una-gestion-que-transformo-la-estructura-economica-y-politica-de-la-argentina","status":"publish","type":"post","link":"https:\/\/elterritorialweb.com.ar\/web\/a-mil-dias-del-inicio-del-mandato-de-javier-milei-balance-de-una-gestion-que-transformo-la-estructura-economica-y-politica-de-la-argentina\/","title":{"rendered":"A MIL D\u00cdAS DEL INICIO DEL MANDATO DE JAVIER MILEI: BALANCE DE UNA GESTI\u00d3N QUE TRANSFORM\u00d3 LA ESTRUCTURA ECON\u00d3MICA Y POL\u00cdTICA DE LA ARGENTINA"},"content":{"rendered":"\n<p class=\"wp-block-paragraph\">\u200bLa gesti\u00f3n de Javier Milei alcanz\u00f3 un hito simb\u00f3lico al cumplir sus primeros 1000 d\u00edas de gobierno, un per\u00edodo marcado por la aplicaci\u00f3n de un <strong>plan de estabilizaci\u00f3n sin precedentes en la historia reciente de la Argentina<\/strong>. Desde su asunci\u00f3n en diciembre de 2023, la administraci\u00f3n libertaria impuls\u00f3 una transformaci\u00f3n radical basada en el <strong>d\u00e9ficit cero innegociable<\/strong>, la erradicaci\u00f3n del pico inflacionario heredado y una reconversi\u00f3n del rol del Estado en la econom\u00eda nacional.<\/p>\n\n\n\n<p class=\"wp-block-paragraph\">\u200bEl pilar fundamental de este per\u00edodo ha sido el <strong>sostenido super\u00e1vit fiscal y financiero<\/strong>, alcanzado mediante un dr\u00e1stico recorte del gasto p\u00fablico que reconfigur\u00f3 el funcionamiento de la administraci\u00f3n central. La pol\u00edtica monetaria, enfocada en la <strong>eliminaci\u00f3n de la emisi\u00f3n para financiar el Tesoro<\/strong>, permiti\u00f3 una desaceleraci\u00f3n paulatina de los precios, transformando la contenci\u00f3n de la inflaci\u00f3n en la principal bandera pol\u00edtica del oficialismo y en su mayor activo frente a la opini\u00f3n p\u00fablica.<\/p>\n\n\n\n<p class=\"wp-block-paragraph\">\u200bEn el plano legislativo y normativo, la implementaci\u00f3n de la <strong>Ley Bases y el DNU 70\/23<\/strong> marc\u00f3 el inicio de un proceso masivo de <strong>desregulaci\u00f3n de mercados, apertura comercial y privatizaci\u00f3n de empresas estatales<\/strong>. Este marco jur\u00eddico busc\u00f3 incentivar la llegada de inversiones privadas, especialmente en sectores estrat\u00e9gicos como la energ\u00eda, el minero y el agropecuario, mediante la puesta en marcha de reg\u00edmenes de incentivo a grandes inversiones.<\/p>\n\n\n\n<p class=\"wp-block-paragraph\">\u200bSin embargo, estos 1000 d\u00edas tambi\u00e9n han estado signados por una <strong>fuerte tensi\u00f3n social y un complejo escenario recesivo<\/strong> en la primera etapa del mandato. El severo ajuste sobre los fondos provinciales, las tarifas de servicios p\u00fablicos y el poder adquisitivo de los salarios y jubilaciones gener\u00f3 <strong>resistencia en sectores sindicales, organizaciones sociales y bloques opositores<\/strong>, quienes cuestionan el impacto social del modelo y el incremento de los \u00edndices de pobreza durante la fase inicial del programa.<\/p>\n\n\n\n<figure class=\"wp-block-image size-full\"><a href=\"https:\/\/i0.wp.com\/elterritorialweb.com.ar\/web\/wp-content\/uploads\/2026\/09\/1000566824.jpg?ssl=1\"><img data-recalc-dims=\"1\" decoding=\"async\" width=\"640\" height=\"446\" data-src=\"https:\/\/i0.wp.com\/elterritorialweb.com.ar\/web\/wp-content\/uploads\/2026\/09\/1000566824.jpg?resize=640%2C446&#038;ssl=1\" alt=\"\" class=\"wp-image-88524 lazyload\" data-srcset=\"https:\/\/i0.wp.com\/elterritorialweb.com.ar\/web\/wp-content\/uploads\/2026\/09\/1000566824.jpg?w=916&amp;ssl=1 916w, https:\/\/i0.wp.com\/elterritorialweb.com.ar\/web\/wp-content\/uploads\/2026\/09\/1000566824.jpg?resize=300%2C209&amp;ssl=1 300w, https:\/\/i0.wp.com\/elterritorialweb.com.ar\/web\/wp-content\/uploads\/2026\/09\/1000566824.jpg?resize=768%2C535&amp;ssl=1 768w\" data-sizes=\"(max-width: 640px) 100vw, 640px\" src=\"data:image\/svg+xml;base64,PHN2ZyB3aWR0aD0iMSIgaGVpZ2h0PSIxIiB4bWxucz0iaHR0cDovL3d3dy53My5vcmcvMjAwMC9zdmciPjwvc3ZnPg==\" style=\"--smush-placeholder-width: 640px; --smush-placeholder-aspect-ratio: 640\/446;\" \/><\/a><\/figure>\n\n\n\n<p class=\"wp-block-paragraph\">\u200bA nivel institucional y pol\u00edtico, el Poder Ejecutivo mantuvo una <strong>din\u00e1mica de confrontaci\u00f3n directa con la clase pol\u00edtica tradicional<\/strong>, apelando constantemente a una comunicaci\u00f3n directa con la ciudadan\u00eda a trav\u00e9s de plataformas digitales. Esta estrategia le permiti\u00f3 al Presidente <strong>conservar un n\u00facleo duro de apoyo popular<\/strong>, a pesar de gobernar con una minor\u00eda parlamentaria que lo oblig\u00f3 a negociar acuerdos puntuales con gobernadores y bloques aliados para garantizar la gobernabilidad.<\/p>\n\n\n\n<p class=\"wp-block-paragraph\">\u200bEn el frente externo, la pol\u00edtica exterior argentina experiment\u00f3 un <strong>alineamiento autom\u00e1tico con Estados Unidos e Israel<\/strong>, redefiniendo la posici\u00f3n del pa\u00eds en el tablero geopol\u00edtico internacional. La renuncia al ingreso al bloque de los BRICS y la b\u00fasqueda de acuerdos bilaterales con potencias occidentales consolidaron un <strong>giro pragm\u00e1tico hacia el libre comercio internacional<\/strong> y la atracci\u00f3n de capitales extranjeros.<\/p>\n\n\n\n<p class=\"wp-block-paragraph\">\u200bAl cruzar la barrera de los 1000 d\u00edas, la administraci\u00f3n de Javier Milei entra en una etapa decisiva donde el gran desaf\u00edo consiste en <strong>consolidar la reactivaci\u00f3n econ\u00f3mica sostenida y la generaci\u00f3n de empleo formal<\/strong>, mientras intenta transformar el ordenamiento fiscal de corto plazo en un esquema de crecimiento de largo plazo con sustentabilidad social y pol\u00edtica.<\/p>\n","protected":false},"excerpt":{"rendered":"<p>Al cumplir sus primeros 1000 d\u00edas al frente del Poder Ejecutivo, el Presidente consolida un modelo de shock centrado en el super\u00e1vit fiscal, la desregulaci\u00f3n econ\u00f3mica y un profundo reordenamiento del Estado.<\/p>\n","protected":false},"author":2,"featured_media":68855,"comment_status":"open","ping_status":"open","sticky":false,"template":"","format":"standard","meta":{"om_disable_all_campaigns":false,"_monsterinsights_skip_tracking":false,"_uf_show_specific_survey":0,"_uf_disable_surveys":false,"_jetpack_newsletter_access":"","_jetpack_dont_email_post_to_subs":false,"_jetpack_newsletter_tier_id":0,"_jetpack_memberships_contains_paywalled_content":false,"_jetpack_feature_clip_id":0,"_jetpack_memberships_contains_paid_content":false,"footnotes":"","jetpack_publicize_message":"","jetpack_publicize_feature_enabled":true,"jetpack_social_post_already_shared":true,"jetpack_social_options":{"image_generator_settings":{"template":"highway","default_image_id":0,"font":"","enabled":false},"version":2},"jetpack_post_was_ever_published":false},"categories":[4,7],"tags":[92],"class_list":["post-88522","post","type-post","status-publish","format-standard","has-post-thumbnail","hentry","category-destacadas","category-nacionales","tag-javier-milei"],"aioseo_notices":[],"views":6,"jetpack_publicize_connections":[],"jetpack_sharing_enabled":true,"jetpack_featured_media_url":"https:\/\/i0.wp.com\/elterritorialweb.com.ar\/web\/wp-content\/uploads\/2024\/08\/milei-enojado.webp?fit=940%2C620&ssl=1","_links":{"self":[{"href":"https:\/\/elterritorialweb.com.ar\/web\/wp-json\/wp\/v2\/posts\/88522","targetHints":{"allow":["GET"]}}],"collection":[{"href":"https:\/\/elterritorialweb.com.ar\/web\/wp-json\/wp\/v2\/posts"}],"about":[{"href":"https:\/\/elterritorialweb.com.ar\/web\/wp-json\/wp\/v2\/types\/post"}],"author":[{"embeddable":true,"href":"https:\/\/elterritorialweb.com.ar\/web\/wp-json\/wp\/v2\/users\/2"}],"replies":[{"embeddable":true,"href":"https:\/\/elterritorialweb.com.ar\/web\/wp-json\/wp\/v2\/comments?post=88522"}],"version-history":[{"count":2,"href":"https:\/\/elterritorialweb.com.ar\/web\/wp-json\/wp\/v2\/posts\/88522\/revisions"}],"predecessor-version":[{"id":88525,"href":"https:\/\/elterritorialweb.com.ar\/web\/wp-json\/wp\/v2\/posts\/88522\/revisions\/88525"}],"wp:featuredmedia":[{"embeddable":true,"href":"https:\/\/elterritorialweb.com.ar\/web\/wp-json\/wp\/v2\/media\/68855"}],"wp:attachment":[{"href":"https:\/\/elterritorialweb.com.ar\/web\/wp-json\/wp\/v2\/media?parent=88522"}],"wp:term":[{"taxonomy":"category","embeddable":true,"href":"https:\/\/elterritorialweb.com.ar\/web\/wp-json\/wp\/v2\/categories?post=88522"},{"taxonomy":"post_tag","embeddable":true,"href":"https:\/\/elterritorialweb.com.ar\/web\/wp-json\/wp\/v2\/tags?post=88522"}],"curies":[{"name":"wp","href":"https:\/\/api.w.org\/{rel}","templated":true}]}}