{"id":88526,"date":"2026-09-06T15:29:41","date_gmt":"2026-09-06T15:29:41","guid":{"rendered":"https:\/\/elterritorialweb.com.ar\/web\/?p=88526"},"modified":"2026-09-06T15:38:45","modified_gmt":"2026-09-06T15:38:45","slug":"el-modelo-economico-tiene-un-respaldo-social-del-387-rumbo-a-2027-y-la-clase-social-polariza-el-voto","status":"publish","type":"post","link":"https:\/\/elterritorialweb.com.ar\/web\/el-modelo-economico-tiene-un-respaldo-social-del-387-rumbo-a-2027-y-la-clase-social-polariza-el-voto\/","title":{"rendered":"EL MODELO ECON\u00d3MICO TIENE UN RESPALDO SOCIAL DEL 38,7% RUMBO A 2027 Y LA CLASE SOCIAL POLARIZA EL VOTO"},"content":{"rendered":"\n<p class=\"wp-block-paragraph\">Mientras que el <strong>38,7% se inclina por mantenerlo<\/strong>, un <strong>59,8% exige un cambio de rumbo<\/strong>. El dato central revela que <strong>el apoyo no es ideol\u00f3gico ni generacional, sino posicional<\/strong>: en la <strong>clase alta el respaldo llega al 60%<\/strong>, mientras que en la <strong>clase baja cae a solo un 25%<\/strong>, registrando un reclamo de cambio que supera el <strong>70% en la base de la pir\u00e1mide<\/strong>.<\/p>\n\n\n\n<h2 class=\"wp-block-heading\">\u200bEL L\u00cdMITE DE LA PACIENCIA Y EL REPUISTE DE MILEI<\/h2>\n\n\n\n<p class=\"wp-block-paragraph\">\u200bEl sost\u00e9n del esquema econ\u00f3mico enfrenta un <strong>l\u00edmite temporal estricto<\/strong>: el <strong>53,2% de los encuestados afirma que ya se le agot\u00f3 la paciencia<\/strong> para esperar resultados, mientras que solo un <strong>22,9% asegura estar vi\u00e9ndolos<\/strong>.<\/p>\n\n\n\n<p class=\"wp-block-paragraph\">\u200bEn este marco, la gesti\u00f3n de <strong>Javier Milei interrumpi\u00f3 su ca\u00edda<\/strong> y mostr\u00f3 un <strong>leve repunte de aprobaci\u00f3n al alcanzar el 32,2%<\/strong> en agosto (frente al 31,4% de julio), manteniendo una <strong>desaprobaci\u00f3n del 54,1%<\/strong>. Su <strong>imagen positiva avanz\u00f3 al 32,7%<\/strong>. Sin embargo, la mejora responde a una <strong>mayor intensidad dentro de su propio electorado<\/strong> y no a una expansi\u00f3n de su alcance: cosecha casi <strong>60% de aprobaci\u00f3n en la clase alta<\/strong>, pero apenas un <strong>22,4% en la clase baja<\/strong>, sufriendo adem\u00e1s un <strong>rechazo del 65,8% entre las mujeres<\/strong>.<\/p>\n\n\n\n<h2 class=\"wp-block-heading\">\u200bLA INTERNA OFICIALISTA COMO PRINCIPAL DESAF\u00cdO<\/h2>\n\n\n\n<p class=\"wp-block-paragraph\">\u200bEl an\u00e1lisis estrat\u00e9gico ubica el <strong>mayor riesgo para el Gobierno en su propia interna<\/strong> y no en los espacios opositores:<\/p>\n\n\n\n<ul class=\"wp-block-list\">\n<li>\u200b<strong>Victoria Villarruel:<\/strong> Presenta una <strong>imagen positiva del 18,9%<\/strong> y un <strong>rechazo electoral del 62,8%<\/strong>. No obstante, su mayor tracci\u00f3n positiva est\u00e1 en la <strong>clase alta (28,6%)<\/strong>, donde un <strong>34,2% afirma que \u00abpodr\u00eda votarla\u00bb<\/strong>. Al disputar exactamente la misma base del Presidente, una eventual candidatura <strong>fragmentar\u00eda el piso del 38%<\/strong> de apoyo al modelo en lugar de ampliarlo.<\/li>\n\n\n\n<li>\u200b<strong>Patricia Bullrich:<\/strong> Re\u00fane un <strong>37,2% de imagen positiva<\/strong> y suma un <strong>19,3% de voto seguro<\/strong>. Cuenta con el <strong>mayor potencial de expansi\u00f3n del tablero<\/strong>, dado que un <strong>27,7% adicional declara que podr\u00eda votarla<\/strong>, mostrando un margen de crecimiento que no depende de forma exclusiva del n\u00facleo duro presidencial.<\/li>\n<\/ul>\n\n\n\n<h2 class=\"wp-block-heading\">\u200bLA OPOSICI\u00d3N Y UN TABLERO CONGELADO<\/h2>\n\n\n\n<p class=\"wp-block-paragraph\">\u200bEl arco opositor tambi\u00e9n muestra <strong>techos estructurales definidos por variables socioecon\u00f3micas y electorales<\/strong>:<\/p>\n\n\n\n<ul class=\"wp-block-list\">\n<li>\u200b<strong>Axel Kicillof:<\/strong> Registra el <strong>reflejo invertido del oficialismo<\/strong>, anotando apenas <strong>24,7% de imagen positiva en la clase alta<\/strong> pero trepando al <strong>48,9% en la clase baja<\/strong>, sumado a un fuerte desempe\u00f1o en mujeres y adultos mayores. En voto seguro se ubica en <strong>25,9%<\/strong>, casi a la par del <strong>26,5% de Milei<\/strong>, pero con la <strong>mitad del electorado afirmando que jam\u00e1s lo votar\u00eda<\/strong>.<\/li>\n\n\n\n<li>\u200b<strong>Myriam Bregman:<\/strong> Posee el <strong>diferencial de imagen menos adverso<\/strong> del estudio (<strong>41,3% positiva<\/strong> contra <strong>44,2% negativa<\/strong>), liderando en la <strong>clase baja (53,5%)<\/strong> y entre <strong>mujeres (50,4%)<\/strong>. No obstante, sostiene un <strong>piso de voto duro de solo 11,9%<\/strong> y un <strong>51,7% de rechazo absoluto<\/strong>.<\/li>\n<\/ul>\n\n\n\n<h2 class=\"wp-block-heading\">\u200bESCENARIO ELECTORAL HACIA 2027<\/h2>\n\n\n\n<p class=\"wp-block-paragraph\">\u200bLa proyecci\u00f3n del estudio configura un <strong>empate estructural de cara a 2027<\/strong>, donde <strong>todas las figuras pol\u00edticas superan el 50% de rechazo<\/strong> y <strong>ninguna logra alcanzar el 30% de voto seguro<\/strong>. Con techos electorales r\u00edgidos y escaso margen de crecimiento por fuera de los n\u00facleos duros, la contienda no parece orientarse a una transferencia masiva de votantes, sino a la <strong>capacidad de cada espacio para evitar rupturas internas<\/strong> que dividan sus pisos de representaci\u00f3n.<\/p>\n\n\n\n<p class=\"wp-block-paragraph\">\u200bFicha t\u00e9cnica del estudio:<\/p>\n\n\n\n<ul class=\"wp-block-list\">\n<li>\u200b<strong>Muestra:<\/strong> 1.466 casos v\u00e1lidos de cobertura nacional.<\/li>\n\n\n\n<li>\u200b<strong>Fecha de relevamiento:<\/strong> Del 25 al 31 de agosto de 2026.<\/li>\n\n\n\n<li>\u200b<strong>Metodolog\u00eda:<\/strong> Cuestionario autoadministrado en l\u00ednea con dise\u00f1o muestral ponderado.<\/li>\n\n\n\n<li>\u200b<strong>Margen de error:<\/strong> \u00b12,1% con un nivel de confianza del 95%.<\/li>\n<\/ul>\n","protected":false},"excerpt":{"rendered":"<p>\u200bUn nuevo relevamiento del Monitor de Opini\u00f3n P\u00fablica (MOP) de Zentrix Consultora muestra que la sociedad comienza a ordenar su voto de cara a las pr\u00f3ximas elecciones presidenciales en torno a la continuidad o cambio del modelo econ\u00f3mico. <\/p>\n","protected":false},"author":2,"featured_media":88529,"comment_status":"open","ping_status":"open","sticky":false,"template":"","format":"standard","meta":{"om_disable_all_campaigns":false,"_monsterinsights_skip_tracking":false,"_uf_show_specific_survey":0,"_uf_disable_surveys":false,"_jetpack_newsletter_access":"","_jetpack_dont_email_post_to_subs":false,"_jetpack_newsletter_tier_id":0,"_jetpack_memberships_contains_paywalled_content":false,"_jetpack_feature_clip_id":0,"_jetpack_memberships_contains_paid_content":false,"footnotes":"","jetpack_publicize_message":"","jetpack_publicize_feature_enabled":true,"jetpack_social_post_already_shared":true,"jetpack_social_options":{"image_generator_settings":{"template":"highway","default_image_id":0,"font":"","enabled":false},"version":2},"jetpack_post_was_ever_published":false},"categories":[4,7],"tags":[],"class_list":["post-88526","post","type-post","status-publish","format-standard","has-post-thumbnail","hentry","category-destacadas","category-nacionales"],"aioseo_notices":[],"views":7,"jetpack_publicize_connections":[],"jetpack_sharing_enabled":true,"jetpack_featured_media_url":"https:\/\/i0.wp.com\/elterritorialweb.com.ar\/web\/wp-content\/uploads\/2026\/09\/1788708959629.png?fit=1376%2C768&ssl=1","_links":{"self":[{"href":"https:\/\/elterritorialweb.com.ar\/web\/wp-json\/wp\/v2\/posts\/88526","targetHints":{"allow":["GET"]}}],"collection":[{"href":"https:\/\/elterritorialweb.com.ar\/web\/wp-json\/wp\/v2\/posts"}],"about":[{"href":"https:\/\/elterritorialweb.com.ar\/web\/wp-json\/wp\/v2\/types\/post"}],"author":[{"embeddable":true,"href":"https:\/\/elterritorialweb.com.ar\/web\/wp-json\/wp\/v2\/users\/2"}],"replies":[{"embeddable":true,"href":"https:\/\/elterritorialweb.com.ar\/web\/wp-json\/wp\/v2\/comments?post=88526"}],"version-history":[{"count":1,"href":"https:\/\/elterritorialweb.com.ar\/web\/wp-json\/wp\/v2\/posts\/88526\/revisions"}],"predecessor-version":[{"id":88528,"href":"https:\/\/elterritorialweb.com.ar\/web\/wp-json\/wp\/v2\/posts\/88526\/revisions\/88528"}],"wp:featuredmedia":[{"embeddable":true,"href":"https:\/\/elterritorialweb.com.ar\/web\/wp-json\/wp\/v2\/media\/88529"}],"wp:attachment":[{"href":"https:\/\/elterritorialweb.com.ar\/web\/wp-json\/wp\/v2\/media?parent=88526"}],"wp:term":[{"taxonomy":"category","embeddable":true,"href":"https:\/\/elterritorialweb.com.ar\/web\/wp-json\/wp\/v2\/categories?post=88526"},{"taxonomy":"post_tag","embeddable":true,"href":"https:\/\/elterritorialweb.com.ar\/web\/wp-json\/wp\/v2\/tags?post=88526"}],"curies":[{"name":"wp","href":"https:\/\/api.w.org\/{rel}","templated":true}]}}