{"id":88532,"date":"2026-09-06T20:08:51","date_gmt":"2026-09-06T20:08:51","guid":{"rendered":"https:\/\/elterritorialweb.com.ar\/web\/?p=88532"},"modified":"2026-09-06T20:08:53","modified_gmt":"2026-09-06T20:08:53","slug":"las-ventas-minoristas-pyme-caen-02-en-agosto-aunque-el-comercio-electronico-crece-un-176","status":"publish","type":"post","link":"https:\/\/elterritorialweb.com.ar\/web\/las-ventas-minoristas-pyme-caen-02-en-agosto-aunque-el-comercio-electronico-crece-un-176\/","title":{"rendered":"LAS VENTAS MINORISTAS PYME CAEN 0,2% EN AGOSTO, AUNQUE EL COMERCIO ELECTR\u00d3NICO CRECE UN 17,6%"},"content":{"rendered":"\n<p class=\"wp-block-paragraph\">\u200b\u200bDurante el mes de agosto, la actividad de los comercios minoristas pyme experiment\u00f3 una <strong>ca\u00edda interanual del 0,2% en t\u00e9rminos reales<\/strong>, seg\u00fan el \u00edndice general de ventas minoristas elaborado por la <strong>Confederaci\u00f3n Argentina de la Mediana Empresa (CAME)<\/strong>. El desempe\u00f1o del sector reflej\u00f3 adem\u00e1s un <strong>retroceso intermensual del 2,7%<\/strong>, consolidando una <strong>baja acumulada del 2,4% en los primeros ocho meses del a\u00f1o<\/strong>.<\/p>\n\n\n\n<p class=\"wp-block-paragraph\">\u200bEsta din\u00e1mica negativa respondi\u00f3 principalmente al <strong>deterioro del poder adquisitivo<\/strong>, impulsado por los <strong>incrementos en las tarifas de los servicios p\u00fablicos<\/strong> y el <strong>alto nivel de endeudamiento familiar<\/strong>. Asimismo, el menor movimiento posterior al receso invernal y la p\u00e9rdida de tracci\u00f3n en los ingresos disponibles acentuaron la cautela de los consumidores, quienes <strong>limitaron sus operaciones a gastos estrictamente indispensables<\/strong>.<\/p>\n\n\n\n<p class=\"wp-block-paragraph\">\u200bEn el desgregado sectorial, el comportamiento de la demanda fue heterog\u00e9neo: <strong>cuatro de los siete rubros relevados mostraron incrementos interanuales<\/strong>. La suba m\u00e1s destacada se registr\u00f3 en <strong>Perfumer\u00eda (+12,8%)<\/strong>, seguida por <strong>Textil e indumentaria (+6,4%)<\/strong>, <strong>Calzado y marroquiner\u00eda (+1,2%)<\/strong> y <strong>Ferreter\u00eda, materiales el\u00e9ctricos y de construcci\u00f3n (+0,3%)<\/strong>. En contrastante contraposici\u00f3n, tres sectores sufrieron contracciones, encabezados por <strong>Bazar, decoraci\u00f3n, textiles para el hogar y muebles (-4,8%)<\/strong>, <strong>Alimentos y bebidas (-2,5%)<\/strong> y <strong>Farmacia (-0,5%)<\/strong>.<\/p>\n\n\n\n<p class=\"wp-block-paragraph\">\u200bPese a la retracci\u00f3n generalizada en las tiendas f\u00edsicas, el canal digital se posicion\u00f3 como un motor clave de resiliencia. Las <strong>ventas online realizadas por comercios con local a la calle registraron un contundente incremento interanual del 17,6%<\/strong>, acompa\u00f1ado por un leve crecimiento intermensual del 0,4%.<\/p>\n\n\n\n<p class=\"wp-block-paragraph\">\u200bEl desempe\u00f1o comercial del mes estuvo parcialmente amortiguado por <strong>compras puntuales en panificados, indumentaria infantil y regaler\u00eda impulsadas por el D\u00eda del Ni\u00f1o<\/strong>. Sin embargo, estas transacciones no lograron compensar la menor demanda de bienes masivos y durables. Ante la <strong>falta de planes de cuotas sin inter\u00e9s<\/strong>, los comercios operaron con <strong>m\u00e1rgenes de rentabilidad acotados<\/strong> debido a las <strong>actualizaciones en costos mayoristas, fletes y la competencia de productos importados<\/strong>, recurriendo a <strong>descuentos por pago al contado y promociones bancarias<\/strong> para movilizar stock.<\/p>\n\n\n\n<p class=\"wp-block-paragraph\">\u200bRespecto al balance cualitativo de los empresarios, el <strong>47,4% de los comercios sostuvo que su nivel de actividad se mantuvo estable<\/strong> respecto al a\u00f1o previo, mientras que el <strong>46,5% report\u00f3 un empeoramiento en las condiciones de su negocio<\/strong> y solo un <strong>6,1% percibi\u00f3 una mejora<\/strong>. Mirando hacia los pr\u00f3ximos 12 meses, el <strong>43,9% prev\u00e9 que la situaci\u00f3n continuar\u00e1 sin cambios<\/strong>, el <strong>42,8% proyecta un escenario superior<\/strong> y el <strong>13,3% espera un deterioro<\/strong>. Ante este panorama de incertidumbre, el <strong>57,9% de los due\u00f1os pyme consider\u00f3 que no es momento para concretar nuevas inversiones<\/strong>.<\/p>\n","protected":false},"excerpt":{"rendered":"<p>La actividad mercantil pyme acumul\u00f3 un descenso del 2,4% en lo que va del a\u00f1o golpeada por la p\u00e9rdida del poder adquisitivo y el endeudamiento de los hogares, aunque las ventas online mostraron un notable repunte.<\/p>\n","protected":false},"author":2,"featured_media":88533,"comment_status":"open","ping_status":"open","sticky":false,"template":"","format":"standard","meta":{"om_disable_all_campaigns":false,"_monsterinsights_skip_tracking":false,"_uf_show_specific_survey":0,"_uf_disable_surveys":false,"_jetpack_newsletter_access":"","_jetpack_dont_email_post_to_subs":false,"_jetpack_newsletter_tier_id":0,"_jetpack_memberships_contains_paywalled_content":false,"_jetpack_feature_clip_id":0,"_jetpack_memberships_contains_paid_content":false,"footnotes":"","jetpack_publicize_message":"","jetpack_publicize_feature_enabled":true,"jetpack_social_post_already_shared":true,"jetpack_social_options":{"image_generator_settings":{"template":"highway","default_image_id":0,"font":"","enabled":false},"version":2},"jetpack_post_was_ever_published":false},"categories":[4,7],"tags":[1439],"class_list":["post-88532","post","type-post","status-publish","format-standard","has-post-thumbnail","hentry","category-destacadas","category-nacionales","tag-confederacion-argentina-de-la-mediana-empresa-came"],"aioseo_notices":[],"views":7,"jetpack_publicize_connections":[],"jetpack_sharing_enabled":true,"jetpack_featured_media_url":"https:\/\/i0.wp.com\/elterritorialweb.com.ar\/web\/wp-content\/uploads\/2026\/09\/IMG-20260906-WA0021.jpg?fit=1600%2C1200&ssl=1","_links":{"self":[{"href":"https:\/\/elterritorialweb.com.ar\/web\/wp-json\/wp\/v2\/posts\/88532","targetHints":{"allow":["GET"]}}],"collection":[{"href":"https:\/\/elterritorialweb.com.ar\/web\/wp-json\/wp\/v2\/posts"}],"about":[{"href":"https:\/\/elterritorialweb.com.ar\/web\/wp-json\/wp\/v2\/types\/post"}],"author":[{"embeddable":true,"href":"https:\/\/elterritorialweb.com.ar\/web\/wp-json\/wp\/v2\/users\/2"}],"replies":[{"embeddable":true,"href":"https:\/\/elterritorialweb.com.ar\/web\/wp-json\/wp\/v2\/comments?post=88532"}],"version-history":[{"count":1,"href":"https:\/\/elterritorialweb.com.ar\/web\/wp-json\/wp\/v2\/posts\/88532\/revisions"}],"predecessor-version":[{"id":88534,"href":"https:\/\/elterritorialweb.com.ar\/web\/wp-json\/wp\/v2\/posts\/88532\/revisions\/88534"}],"wp:featuredmedia":[{"embeddable":true,"href":"https:\/\/elterritorialweb.com.ar\/web\/wp-json\/wp\/v2\/media\/88533"}],"wp:attachment":[{"href":"https:\/\/elterritorialweb.com.ar\/web\/wp-json\/wp\/v2\/media?parent=88532"}],"wp:term":[{"taxonomy":"category","embeddable":true,"href":"https:\/\/elterritorialweb.com.ar\/web\/wp-json\/wp\/v2\/categories?post=88532"},{"taxonomy":"post_tag","embeddable":true,"href":"https:\/\/elterritorialweb.com.ar\/web\/wp-json\/wp\/v2\/tags?post=88532"}],"curies":[{"name":"wp","href":"https:\/\/api.w.org\/{rel}","templated":true}]}}