{"id":9319,"date":"2020-08-13T18:38:02","date_gmt":"2020-08-13T18:38:02","guid":{"rendered":"http:\/\/elterritorialweb.com.ar\/web\/?p=9319"},"modified":"2020-08-13T18:38:03","modified_gmt":"2020-08-13T18:38:03","slug":"firman-convenio-para-implementar-la-licencia-nacional-de-conducir-en-bandera-campo-gallo-y-sumampa","status":"publish","type":"post","link":"https:\/\/elterritorialweb.com.ar\/web\/firman-convenio-para-implementar-la-licencia-nacional-de-conducir-en-bandera-campo-gallo-y-sumampa\/","title":{"rendered":"FIRMAN CONVENIO PARA IMPLEMENTAR LA LICENCIA NACIONAL DE CONDUCIR EN BANDERA, CAMPO GALLO Y SUMAMPA"},"content":{"rendered":"\n<p>La firma de convenio se llev\u00f3 a cabo \u00a0entre el ministro de Gobierno,<br>Seguridad y Culto, Dr. Marcelo Barbur con los \u00a0intendentes de Campo<br>Gallo, Jos\u00e9 Fortunato Vittar, de Sumampa, Dr. Marcelo Bernasconi y de<br>Bandera, Guillermo Novara. Tambi\u00e9n acompa\u00f1\u00f3 el director del Consejo<br>Provincial de Seguridad Vial, N\u00e9stor Flores.<br>Es de destacar que \u00a0la agencia nacional de seguridad vial certificar\u00e1 el<br>centro de emisi\u00f3n de licencia de conducir\u00a0 as\u00ed como tambi\u00e9n la<br>implementaci\u00f3n del certificado nacional de antecedentes de tr\u00e1nsito en<br>beneficio para las comunidades de Bandera, Sumampa y Campo Gallo.<br>Al hacer uso de la palabra el Intendente de Bandera, Guillermo Novara,<br>expres\u00f3: \u201cen una fecha muy especial para Bandera que cumple 129\u00ba a\u00f1os<br>que se haya dado la firma de este convenio tan requerido por toda la<br>comunidad y gestionado hace mucho tiempo. Nos pone muy felices\u201d y<br>agreg\u00f3 \u201cno podemos dejar de agradecer al Gobernador de la Provincia, Dr.<br>Gerardo Zamora que ha permitido que se concrete finalmente un centro<br>emisor de que va a ser de mucha utilidad y bien aprovechado por la<br>comunidad de Bandera\u201d.<\/p>\n","protected":false},"excerpt":{"rendered":"<p>En el Sal\u00f3n de Acuerdos de casa de Gobierno se realiz\u00f3 la firma del convenio espec\u00edfico de cooperaci\u00f3n entre la Agencia Nacional de Seguridad Vial, la provincia de Santiago del estero y los municipios de Campo Gallo, Bandera y Sumampa para la implementaci\u00f3n de la licencia<br \/>\nnacional de conducir y del certificado nacional de antecedentes de tr\u00e1nsito.<\/p>\n","protected":false},"author":2,"featured_media":9320,"comment_status":"open","ping_status":"open","sticky":false,"template":"","format":"standard","meta":{"om_disable_all_campaigns":false,"_monsterinsights_skip_tracking":false,"_monsterinsights_sitenote_active":false,"_monsterinsights_sitenote_note":"","_monsterinsights_sitenote_category":0,"_uf_show_specific_survey":0,"_uf_disable_surveys":false,"jetpack_post_was_ever_published":false,"_jetpack_newsletter_access":"","_jetpack_dont_email_post_to_subs":false,"_jetpack_newsletter_tier_id":0,"_jetpack_memberships_contains_paywalled_content":false,"_jetpack_memberships_contains_paid_content":false,"footnotes":"","jetpack_publicize_message":"","jetpack_publicize_feature_enabled":true,"jetpack_social_post_already_shared":false,"jetpack_social_options":{"image_generator_settings":{"template":"highway","default_image_id":0,"font":"","enabled":false},"version":2}},"categories":[21],"tags":[],"class_list":["post-9319","post","type-post","status-publish","format-standard","has-post-thumbnail","hentry","category-locales"],"aioseo_notices":[],"views":5,"jetpack_publicize_connections":[],"jetpack_featured_media_url":"https:\/\/i0.wp.com\/elterritorialweb.com.ar\/web\/wp-content\/uploads\/2020\/08\/convenios-firma.jpg?fit=2248%2C1500&ssl=1","jetpack_sharing_enabled":true,"_links":{"self":[{"href":"https:\/\/elterritorialweb.com.ar\/web\/wp-json\/wp\/v2\/posts\/9319","targetHints":{"allow":["GET"]}}],"collection":[{"href":"https:\/\/elterritorialweb.com.ar\/web\/wp-json\/wp\/v2\/posts"}],"about":[{"href":"https:\/\/elterritorialweb.com.ar\/web\/wp-json\/wp\/v2\/types\/post"}],"author":[{"embeddable":true,"href":"https:\/\/elterritorialweb.com.ar\/web\/wp-json\/wp\/v2\/users\/2"}],"replies":[{"embeddable":true,"href":"https:\/\/elterritorialweb.com.ar\/web\/wp-json\/wp\/v2\/comments?post=9319"}],"version-history":[{"count":1,"href":"https:\/\/elterritorialweb.com.ar\/web\/wp-json\/wp\/v2\/posts\/9319\/revisions"}],"predecessor-version":[{"id":9321,"href":"https:\/\/elterritorialweb.com.ar\/web\/wp-json\/wp\/v2\/posts\/9319\/revisions\/9321"}],"wp:featuredmedia":[{"embeddable":true,"href":"https:\/\/elterritorialweb.com.ar\/web\/wp-json\/wp\/v2\/media\/9320"}],"wp:attachment":[{"href":"https:\/\/elterritorialweb.com.ar\/web\/wp-json\/wp\/v2\/media?parent=9319"}],"wp:term":[{"taxonomy":"category","embeddable":true,"href":"https:\/\/elterritorialweb.com.ar\/web\/wp-json\/wp\/v2\/categories?post=9319"},{"taxonomy":"post_tag","embeddable":true,"href":"https:\/\/elterritorialweb.com.ar\/web\/wp-json\/wp\/v2\/tags?post=9319"}],"curies":[{"name":"wp","href":"https:\/\/api.w.org\/{rel}","templated":true}]}}