{"id":9322,"date":"2020-08-13T19:16:20","date_gmt":"2020-08-13T19:16:20","guid":{"rendered":"http:\/\/elterritorialweb.com.ar\/web\/?p=9322"},"modified":"2020-08-13T19:16:21","modified_gmt":"2020-08-13T19:16:21","slug":"a-partir-de-manana-la-circulacion-sera-de-8-a-15-no-habra-colectivos-bares-gimnasios-y-peluquerias","status":"publish","type":"post","link":"https:\/\/elterritorialweb.com.ar\/web\/a-partir-de-manana-la-circulacion-sera-de-8-a-15-no-habra-colectivos-bares-gimnasios-y-peluquerias\/","title":{"rendered":"A PARTIR DE MA\u00d1ANA LA CIRCULACI\u00d3N SER\u00c1 DE 8 A 15, NO HABR\u00c1 COLECTIVOS, BARES, GIMNASIOS Y PELUQUER\u00cdAS"},"content":{"rendered":"\n<p><strong>\u00abEstamos viviendo un momento preocupante que requiere algunas decisiones , y pese a que el d\u00eda 16 culmina el marco del decreto nacional es necesario adelantarnos y al menos por estos 3 d\u00edas que restan, resolvimos tomar algunas medidas preventivas que regir\u00e1n para los Departamentos Capital y Banda\u00bb<\/strong>, comenz\u00f3 diciendo.<\/p>\n\n\n\n<p>Las cinco medidas preventivas que regir\u00e1n a partir de ma\u00f1ana viernes  <\/p>\n\n\n\n<p><em><strong>1- no habr\u00e1 transporte de colectivos .<br>2- No estar\u00e1n trabajarando bares y restaurantes<br>3- No podr\u00e1n funcionar gimnasios.<br>4- No podr\u00e1n abrir las peluquer\u00edas\u00bb.<br>5- El horario de de circulacion se reduce, quedando hasta las 15 horas, por lo que ninguna persona ni autorizada podr\u00e1 circular entre las 15 hs y las 8 hs, en consecuencia a partir de ma\u00f1ana las actividades comerciales y de servicios permitidas deben reacomodar sus horarios entre las 8:00 de la ma\u00f1ana y las 15:00 hs.<\/strong><\/em><\/p>\n\n\n\n<p><strong>\u00abEl resto de los Departamentos del interior provincial continuara como hasta ahora\u00bb<\/strong>, aclar\u00f3 el gobernador.<\/p>\n\n\n\n<p><strong>\u00abTodav\u00eda no hay circulaci\u00f3n comunitaria del virus, pero el contagio sigue d\u00e1ndose entre contactos estrechos y debemos detenerlo, de no lograrlo r\u00e1pidamente estaremos inevitablemente en esa situaci\u00f3n\u00bb<\/strong>, sentenci\u00f3 Zamora .<\/p>\n\n\n\n<p><strong>\u00abUna vez m\u00e1s -y todas las que sean necesarias- llamo a la reflexi\u00f3n, recordando la necesidad de que se cumplan las medidas preventivas&#8230;lo mas grave es que cu\u00e1ndo se violan esas normas -aunque sea por un peque\u00f1o sector de la poblaci\u00f3n hay como hoy: ni\u00f1os contagiados, mujeres conectadas a un respirador artificial, ancianos en terapia intensiva que no la estan pasando bien\u00bb<\/strong>, sigui\u00f3 diciendo.<\/p>\n\n\n\n<p><strong>\u00abNosotros vamos a tomar todas las medidas necesarias, por m\u00e1s duras que sean si llegamos a tener circulaci\u00f3n comunitaria, y eso es algo que a ninguno nos gustar\u00eda, porque queremos seguir gozando de la libertad necesaria para manejarnos\u00bb<\/strong>, sentenci\u00f3.<\/p>\n\n\n\n<p><strong>\u00abHoy estamos todav\u00eda en distanciamiento social obligatorio pero lamentablemente a este paso marchamos cada d\u00eda a medidas mas duras\u00bb<\/strong>, record\u00f3.<\/p>\n\n\n\n<p><strong>\u00abNosotros en Santiago, hasta hace muy poco veniamos con una tranquilidad epidemiologica importante, que hoy no la tenemos y que debemos intentar recuperarla\u00bb.<\/strong><\/p>\n\n\n\n<p><strong>\u00abLa irresponsabilidad hoy, es un delito. Soy consciente que la gran mayoria de los santiague\u00f1os est\u00e1 cumpliendo con las medidas preventivas y se cuidan, pero que tambi\u00e9n hay gente -que aunque sea una minor\u00eda- producen un enorme da\u00f1o\u00bb.<br>\u00abDebe haber en este caso no solo control del estado, debe haber un control social, el que comienza por la familia, en el hogar, en el barrio, con un poco m\u00e1s de seriedad sobre el tema\u00bb.<\/strong><\/p>\n\n\n\n<p><strong>\u00abLa cantidad de muertos en el pa\u00eds y en el mundo nos tiene que hacer recapacitar a todos. Las medidas de hoy son un paso hacia atr\u00e1s , y esperemos que en el futuro podamos dar pasos hacia adelante\u00bb<\/strong>.<\/p>\n\n\n\n<p>Para finlizar llam\u00f3 a la reflexi\u00f3n:<strong>\u00abPor favor, nadie se contagia haciendo lo que tiene que hacer o trabajando con las medidas de protecci\u00f3n y el cuid\u00e1ndose&#8230;se contagia solo la gente que se relaja y no hace lo que corresponde, como no usar barbijos, no lavarse las manos, no guardar distancia obligatoria, juntarse a comer, tomar mate o simplemente reunirse con personas que no son de su grupo conviviente&#8230;las medidas del gobierno nunca van a alcanzar si no existe en cada uno la responsabilidad de cuidarse\u00bb<\/strong>.<\/p>\n","protected":false},"excerpt":{"rendered":"<p>En conferencia de prensa el mandatario provincial, decidi\u00f3 tomar una serie de medidas que regir\u00e1n a partir del viernes 14 hasta el domingo 16 que termina el marco del decreto nacional.<\/p>\n","protected":false},"author":2,"featured_media":9323,"comment_status":"open","ping_status":"open","sticky":false,"template":"","format":"standard","meta":{"om_disable_all_campaigns":false,"_monsterinsights_skip_tracking":false,"_monsterinsights_sitenote_active":false,"_monsterinsights_sitenote_note":"","_monsterinsights_sitenote_category":0,"_uf_show_specific_survey":0,"_uf_disable_surveys":false,"jetpack_post_was_ever_published":false,"_jetpack_newsletter_access":"","_jetpack_dont_email_post_to_subs":false,"_jetpack_newsletter_tier_id":0,"_jetpack_memberships_contains_paywalled_content":false,"_jetpack_memberships_contains_paid_content":false,"footnotes":"","jetpack_publicize_message":"","jetpack_publicize_feature_enabled":true,"jetpack_social_post_already_shared":false,"jetpack_social_options":{"image_generator_settings":{"template":"highway","default_image_id":0,"font":"","enabled":false},"version":2}},"categories":[21],"tags":[],"class_list":["post-9322","post","type-post","status-publish","format-standard","has-post-thumbnail","hentry","category-locales"],"aioseo_notices":[],"views":3,"jetpack_publicize_connections":[],"jetpack_featured_media_url":"https:\/\/i0.wp.com\/elterritorialweb.com.ar\/web\/wp-content\/uploads\/2020\/08\/ZAMORA-DE-8-A-15.jpg?fit=960%2C640&ssl=1","jetpack_sharing_enabled":true,"_links":{"self":[{"href":"https:\/\/elterritorialweb.com.ar\/web\/wp-json\/wp\/v2\/posts\/9322","targetHints":{"allow":["GET"]}}],"collection":[{"href":"https:\/\/elterritorialweb.com.ar\/web\/wp-json\/wp\/v2\/posts"}],"about":[{"href":"https:\/\/elterritorialweb.com.ar\/web\/wp-json\/wp\/v2\/types\/post"}],"author":[{"embeddable":true,"href":"https:\/\/elterritorialweb.com.ar\/web\/wp-json\/wp\/v2\/users\/2"}],"replies":[{"embeddable":true,"href":"https:\/\/elterritorialweb.com.ar\/web\/wp-json\/wp\/v2\/comments?post=9322"}],"version-history":[{"count":1,"href":"https:\/\/elterritorialweb.com.ar\/web\/wp-json\/wp\/v2\/posts\/9322\/revisions"}],"predecessor-version":[{"id":9324,"href":"https:\/\/elterritorialweb.com.ar\/web\/wp-json\/wp\/v2\/posts\/9322\/revisions\/9324"}],"wp:featuredmedia":[{"embeddable":true,"href":"https:\/\/elterritorialweb.com.ar\/web\/wp-json\/wp\/v2\/media\/9323"}],"wp:attachment":[{"href":"https:\/\/elterritorialweb.com.ar\/web\/wp-json\/wp\/v2\/media?parent=9322"}],"wp:term":[{"taxonomy":"category","embeddable":true,"href":"https:\/\/elterritorialweb.com.ar\/web\/wp-json\/wp\/v2\/categories?post=9322"},{"taxonomy":"post_tag","embeddable":true,"href":"https:\/\/elterritorialweb.com.ar\/web\/wp-json\/wp\/v2\/tags?post=9322"}],"curies":[{"name":"wp","href":"https:\/\/api.w.org\/{rel}","templated":true}]}}