{"id":9327,"date":"2020-08-13T20:37:04","date_gmt":"2020-08-13T20:37:04","guid":{"rendered":"http:\/\/elterritorialweb.com.ar\/web\/?p=9327"},"modified":"2020-08-13T20:37:04","modified_gmt":"2020-08-13T20:37:04","slug":"en-fernandez-no-registran-casos-positivos-de-covid-19","status":"publish","type":"post","link":"https:\/\/elterritorialweb.com.ar\/web\/en-fernandez-no-registran-casos-positivos-de-covid-19\/","title":{"rendered":"EN FERN\u00c1NDEZ NO REGISTRAN CASOS POSITIVOS DE COVID-19"},"content":{"rendered":"\n<p>En la jornada de este jueves, <strong>se dieron el alta a dos pacientes que hab\u00edan dado positivo de Covid-19<\/strong>, el pasado 30 de Julio y en su \u00faltimo hisopado tuvieron resultado negativo.<\/p>\n\n\n\n<p><strong>Tambi\u00e9n finalizaron el aislamiento, 8 personas<\/strong> que estaban alojadas en el Club Sportivo Fern\u00e1ndez, que hab\u00edan llegado desde Tandil <strong>y 5 personas m\u00e1s que llegaron con hisopado negativo a la ciudad<\/strong>, pero de acuerdo al protocolo provincial cumplieron con 7 d\u00edas m\u00e1s\u00a0de aislamiento, fueron hisopadas nuevamente obteniendo resultado negativo.<\/p>\n\n\n\n<p>Desde el municipio recomiendan a la poblaci\u00f3n a la poblaci\u00f3n que no se trasladen a la ciudad capital y La Banda, salvo casos de extrema necesidad y\/o cuestiones de salud impostergables.<\/p>\n","protected":false},"excerpt":{"rendered":"<p>MUNICIPALIDAD DE FERN\u00c1NDEZ<\/p>\n","protected":false},"author":2,"featured_media":3430,"comment_status":"open","ping_status":"open","sticky":false,"template":"","format":"standard","meta":{"om_disable_all_campaigns":false,"_monsterinsights_skip_tracking":false,"_monsterinsights_sitenote_active":false,"_monsterinsights_sitenote_note":"","_monsterinsights_sitenote_category":0,"_uf_show_specific_survey":0,"_uf_disable_surveys":false,"jetpack_post_was_ever_published":false,"_jetpack_newsletter_access":"","_jetpack_dont_email_post_to_subs":false,"_jetpack_newsletter_tier_id":0,"_jetpack_memberships_contains_paywalled_content":false,"_jetpack_memberships_contains_paid_content":false,"footnotes":"","jetpack_publicize_message":"","jetpack_publicize_feature_enabled":true,"jetpack_social_post_already_shared":false,"jetpack_social_options":{"image_generator_settings":{"template":"highway","default_image_id":0,"font":"","enabled":false},"version":2}},"categories":[3],"tags":[],"class_list":["post-9327","post","type-post","status-publish","format-standard","has-post-thumbnail","hentry","category-salud"],"aioseo_notices":[],"views":4,"jetpack_publicize_connections":[],"jetpack_featured_media_url":"https:\/\/i0.wp.com\/elterritorialweb.com.ar\/web\/wp-content\/uploads\/2020\/04\/GOLONDRINAS-1.jpg?fit=960%2C641&ssl=1","jetpack_sharing_enabled":true,"_links":{"self":[{"href":"https:\/\/elterritorialweb.com.ar\/web\/wp-json\/wp\/v2\/posts\/9327","targetHints":{"allow":["GET"]}}],"collection":[{"href":"https:\/\/elterritorialweb.com.ar\/web\/wp-json\/wp\/v2\/posts"}],"about":[{"href":"https:\/\/elterritorialweb.com.ar\/web\/wp-json\/wp\/v2\/types\/post"}],"author":[{"embeddable":true,"href":"https:\/\/elterritorialweb.com.ar\/web\/wp-json\/wp\/v2\/users\/2"}],"replies":[{"embeddable":true,"href":"https:\/\/elterritorialweb.com.ar\/web\/wp-json\/wp\/v2\/comments?post=9327"}],"version-history":[{"count":1,"href":"https:\/\/elterritorialweb.com.ar\/web\/wp-json\/wp\/v2\/posts\/9327\/revisions"}],"predecessor-version":[{"id":9328,"href":"https:\/\/elterritorialweb.com.ar\/web\/wp-json\/wp\/v2\/posts\/9327\/revisions\/9328"}],"wp:featuredmedia":[{"embeddable":true,"href":"https:\/\/elterritorialweb.com.ar\/web\/wp-json\/wp\/v2\/media\/3430"}],"wp:attachment":[{"href":"https:\/\/elterritorialweb.com.ar\/web\/wp-json\/wp\/v2\/media?parent=9327"}],"wp:term":[{"taxonomy":"category","embeddable":true,"href":"https:\/\/elterritorialweb.com.ar\/web\/wp-json\/wp\/v2\/categories?post=9327"},{"taxonomy":"post_tag","embeddable":true,"href":"https:\/\/elterritorialweb.com.ar\/web\/wp-json\/wp\/v2\/tags?post=9327"}],"curies":[{"name":"wp","href":"https:\/\/api.w.org\/{rel}","templated":true}]}}