{"id":9329,"date":"2020-08-13T20:58:54","date_gmt":"2020-08-13T20:58:54","guid":{"rendered":"http:\/\/elterritorialweb.com.ar\/web\/?p=9329"},"modified":"2020-08-13T21:03:41","modified_gmt":"2020-08-13T21:03:41","slug":"frias-padula-visito-el-control-sanitario-en-el-acceso-a-la-ciudad","status":"publish","type":"post","link":"https:\/\/elterritorialweb.com.ar\/web\/frias-padula-visito-el-control-sanitario-en-el-acceso-a-la-ciudad\/","title":{"rendered":"FRI\u00c1S: PADULA VISIT\u00d3 EL CONTROL SANITARIO EN EL ACCESO A LA CIUDAD"},"content":{"rendered":"\n<p>Por su parte, la Dra. Mar\u00eda Elena Figueroa, quien desde un primer momento est\u00e1 trabajando y asistiendo al personal municipal, se\u00f1al\u00f3 que <strong>\u201cnuestra mayor preocupaci\u00f3n es la prevenci\u00f3n y el control en esta carpa de salud municipal que est\u00e1 instalada desde el inicio de la cuarentena, en el mes de marzo pasado, y agradezco a todo el personal de salud municipal que est\u00e1 abocado d\u00eda y noche, a\u00fan ante las diferentes inclemencias clim\u00e1ticas, est\u00e1n aqu\u00ed como primera l\u00ednea de defensa de todos los ciudadanos. Es importante que la ciudadan\u00eda de Fr\u00edas sepa que hay personas que est\u00e1n abnegadas al trabajo y que con todos los controles exhaustivos que se est\u00e1n haciendo, tanto a la personas que ingresan con veh\u00edculos particulares, veh\u00edculos de carga y cuando se permit\u00eda el transporte p\u00fablico de pasajeros, ellos con todas las medidas de seguridad y protecci\u00f3n necesarios, est\u00e1n abocados al control de ingresos de casos sospechosos a nuestra ciudad\u201d<\/strong>.<\/p>\n\n\n\n<figure class=\"wp-block-image size-large\"><img data-recalc-dims=\"1\" decoding=\"async\" width=\"640\" height=\"534\" data-src=\"https:\/\/i0.wp.com\/elterritorialweb.com.ar\/web\/wp-content\/uploads\/2020\/08\/FRIAS-CONTROL-SANITARIO-1.jpg?resize=640%2C534\" alt=\"\" class=\"wp-image-9331 lazyload\" data-srcset=\"https:\/\/i0.wp.com\/elterritorialweb.com.ar\/web\/wp-content\/uploads\/2020\/08\/FRIAS-CONTROL-SANITARIO-1.jpg?w=960&amp;ssl=1 960w, https:\/\/i0.wp.com\/elterritorialweb.com.ar\/web\/wp-content\/uploads\/2020\/08\/FRIAS-CONTROL-SANITARIO-1.jpg?resize=300%2C250&amp;ssl=1 300w, https:\/\/i0.wp.com\/elterritorialweb.com.ar\/web\/wp-content\/uploads\/2020\/08\/FRIAS-CONTROL-SANITARIO-1.jpg?resize=768%2C641&amp;ssl=1 768w\" data-sizes=\"(max-width: 640px) 100vw, 640px\" src=\"data:image\/svg+xml;base64,PHN2ZyB3aWR0aD0iMSIgaGVpZ2h0PSIxIiB4bWxucz0iaHR0cDovL3d3dy53My5vcmcvMjAwMC9zdmciPjwvc3ZnPg==\" style=\"--smush-placeholder-width: 640px; --smush-placeholder-aspect-ratio: 640\/534;\" \/><\/figure>\n\n\n\n<p>Tambi\u00e9n la Coordinadora de Salud P\u00fablica Municipal Prof. Marcela Gali se refiri\u00f3 al trabajo realizado y detall\u00f3 las tareas que se vienen ejecutando d\u00eda a d\u00eda. <strong>\u201cNosotros estamos trabajando las veinticuatro horas del d\u00eda en turnos de cuatro horas, con dos enfermeros cada uno. Los controles son de pulsaciones, saturaci\u00f3n de ox\u00edgeno en la sangre temperatura; se registran los datos personales, como ser: lugar de procedencia y el motivo de ingreso a la ciudad. Todo el personal que trabaja en la carpa sanitaria son enfermeros y est\u00e1n capacitados desde un primer momento de la pandemia. Lo que quiero resaltar que a veces este trabajo tiene su demora, pero es porque se lo hace de una manera minuciosa y responsable. Entonces pedimos que tengan un poquito de paciencia a la gente que ingresa a la ciudad\u201d<\/strong>.<\/p>\n\n\n\n<figure class=\"wp-block-image size-large\"><img data-recalc-dims=\"1\" decoding=\"async\" width=\"640\" height=\"557\" data-src=\"https:\/\/i0.wp.com\/elterritorialweb.com.ar\/web\/wp-content\/uploads\/2020\/08\/FRIAS-CONTROL-SANITARIO-2.jpg?resize=640%2C557\" alt=\"\" class=\"wp-image-9332 lazyload\" data-srcset=\"https:\/\/i0.wp.com\/elterritorialweb.com.ar\/web\/wp-content\/uploads\/2020\/08\/FRIAS-CONTROL-SANITARIO-2.jpg?w=960&amp;ssl=1 960w, https:\/\/i0.wp.com\/elterritorialweb.com.ar\/web\/wp-content\/uploads\/2020\/08\/FRIAS-CONTROL-SANITARIO-2.jpg?resize=300%2C261&amp;ssl=1 300w, https:\/\/i0.wp.com\/elterritorialweb.com.ar\/web\/wp-content\/uploads\/2020\/08\/FRIAS-CONTROL-SANITARIO-2.jpg?resize=768%2C668&amp;ssl=1 768w\" data-sizes=\"(max-width: 640px) 100vw, 640px\" src=\"data:image\/svg+xml;base64,PHN2ZyB3aWR0aD0iMSIgaGVpZ2h0PSIxIiB4bWxucz0iaHR0cDovL3d3dy53My5vcmcvMjAwMC9zdmciPjwvc3ZnPg==\" style=\"--smush-placeholder-width: 640px; --smush-placeholder-aspect-ratio: 640\/557;\" \/><\/figure>\n\n\n\n<p><strong>\u201cAlrededor de 1000 personas por d\u00eda son controladas en la carpa sanitaria del acceso a la ciudad por personal entrenado para esta situaci\u00f3n epidemiol\u00f3gica. Las tareas de Salud P\u00fablica de la Ciudad de Fr\u00edas involucra personal de otras \u00e1reas, como por ejemplo el taller de costura Municipal quienes confeccionan los trajes de seguridad que el personal usa para su protecci\u00f3n cumpliendo con todos los requisitos y Protocolos sanitarios previstos para el CoVid-19\u201d<\/strong>, se\u00f1al\u00f3 la Prof. Marcela Gali.<\/p>\n\n\n\n<figure class=\"wp-block-image size-large\"><img data-recalc-dims=\"1\" decoding=\"async\" width=\"640\" height=\"427\" data-src=\"https:\/\/i0.wp.com\/elterritorialweb.com.ar\/web\/wp-content\/uploads\/2020\/08\/FRIAS-CONTROL-SANITARIO-3.jpg?resize=640%2C427\" alt=\"\" class=\"wp-image-9333 lazyload\" data-srcset=\"https:\/\/i0.wp.com\/elterritorialweb.com.ar\/web\/wp-content\/uploads\/2020\/08\/FRIAS-CONTROL-SANITARIO-3.jpg?w=960&amp;ssl=1 960w, https:\/\/i0.wp.com\/elterritorialweb.com.ar\/web\/wp-content\/uploads\/2020\/08\/FRIAS-CONTROL-SANITARIO-3.jpg?resize=300%2C200&amp;ssl=1 300w, https:\/\/i0.wp.com\/elterritorialweb.com.ar\/web\/wp-content\/uploads\/2020\/08\/FRIAS-CONTROL-SANITARIO-3.jpg?resize=768%2C512&amp;ssl=1 768w, https:\/\/i0.wp.com\/elterritorialweb.com.ar\/web\/wp-content\/uploads\/2020\/08\/FRIAS-CONTROL-SANITARIO-3.jpg?resize=675%2C450&amp;ssl=1 675w\" data-sizes=\"(max-width: 640px) 100vw, 640px\" src=\"data:image\/svg+xml;base64,PHN2ZyB3aWR0aD0iMSIgaGVpZ2h0PSIxIiB4bWxucz0iaHR0cDovL3d3dy53My5vcmcvMjAwMC9zdmciPjwvc3ZnPg==\" style=\"--smush-placeholder-width: 640px; --smush-placeholder-aspect-ratio: 640\/427;\" \/><\/figure>\n","protected":false},"excerpt":{"rendered":"<p>El intendente Municipal Dr. Astor An\u00edbal Padula visit\u00f3 junto a la concejal Dr. Mar\u00eda Elena Figueroa y la Coordinadora de Salud P\u00fablica Municipal Prof. Marcela Gali, el control sanitario en el acceso de la Ciudad por calle Uruguay.<\/p>\n","protected":false},"author":2,"featured_media":9330,"comment_status":"open","ping_status":"open","sticky":false,"template":"","format":"standard","meta":{"om_disable_all_campaigns":false,"_monsterinsights_skip_tracking":false,"_monsterinsights_sitenote_active":false,"_monsterinsights_sitenote_note":"","_monsterinsights_sitenote_category":0,"_uf_show_specific_survey":0,"_uf_disable_surveys":false,"jetpack_post_was_ever_published":false,"_jetpack_newsletter_access":"","_jetpack_dont_email_post_to_subs":false,"_jetpack_newsletter_tier_id":0,"_jetpack_memberships_contains_paywalled_content":false,"_jetpack_memberships_contains_paid_content":false,"footnotes":"","jetpack_publicize_message":"","jetpack_publicize_feature_enabled":true,"jetpack_social_post_already_shared":false,"jetpack_social_options":{"image_generator_settings":{"template":"highway","default_image_id":0,"font":"","enabled":false},"version":2}},"categories":[21],"tags":[],"class_list":["post-9329","post","type-post","status-publish","format-standard","has-post-thumbnail","hentry","category-locales"],"aioseo_notices":[],"views":3,"jetpack_publicize_connections":[],"jetpack_featured_media_url":"https:\/\/i0.wp.com\/elterritorialweb.com.ar\/web\/wp-content\/uploads\/2020\/08\/FRIAS-CONTROL-SANITARIO.jpg?fit=960%2C460&ssl=1","jetpack_sharing_enabled":true,"_links":{"self":[{"href":"https:\/\/elterritorialweb.com.ar\/web\/wp-json\/wp\/v2\/posts\/9329","targetHints":{"allow":["GET"]}}],"collection":[{"href":"https:\/\/elterritorialweb.com.ar\/web\/wp-json\/wp\/v2\/posts"}],"about":[{"href":"https:\/\/elterritorialweb.com.ar\/web\/wp-json\/wp\/v2\/types\/post"}],"author":[{"embeddable":true,"href":"https:\/\/elterritorialweb.com.ar\/web\/wp-json\/wp\/v2\/users\/2"}],"replies":[{"embeddable":true,"href":"https:\/\/elterritorialweb.com.ar\/web\/wp-json\/wp\/v2\/comments?post=9329"}],"version-history":[{"count":2,"href":"https:\/\/elterritorialweb.com.ar\/web\/wp-json\/wp\/v2\/posts\/9329\/revisions"}],"predecessor-version":[{"id":9336,"href":"https:\/\/elterritorialweb.com.ar\/web\/wp-json\/wp\/v2\/posts\/9329\/revisions\/9336"}],"wp:featuredmedia":[{"embeddable":true,"href":"https:\/\/elterritorialweb.com.ar\/web\/wp-json\/wp\/v2\/media\/9330"}],"wp:attachment":[{"href":"https:\/\/elterritorialweb.com.ar\/web\/wp-json\/wp\/v2\/media?parent=9329"}],"wp:term":[{"taxonomy":"category","embeddable":true,"href":"https:\/\/elterritorialweb.com.ar\/web\/wp-json\/wp\/v2\/categories?post=9329"},{"taxonomy":"post_tag","embeddable":true,"href":"https:\/\/elterritorialweb.com.ar\/web\/wp-json\/wp\/v2\/tags?post=9329"}],"curies":[{"name":"wp","href":"https:\/\/api.w.org\/{rel}","templated":true}]}}