{"id":9340,"date":"2020-08-13T21:37:13","date_gmt":"2020-08-13T21:37:13","guid":{"rendered":"http:\/\/elterritorialweb.com.ar\/web\/?p=9340"},"modified":"2020-08-13T21:38:10","modified_gmt":"2020-08-13T21:38:10","slug":"alberto-fernandez-se-reunio-con-el-comite-de-expertos","status":"publish","type":"post","link":"https:\/\/elterritorialweb.com.ar\/web\/alberto-fernandez-se-reunio-con-el-comite-de-expertos\/","title":{"rendered":"ALBERTO FERN\u00c1NDEZ SE REUNI\u00d3 CON EL COMIT\u00c9 DE EXPERTOS"},"content":{"rendered":"\n<p>El presidente Alberto Fern\u00e1ndez se reuni\u00f3 hoy con el comit\u00e9 de expertos, integrado por m\u00e9dicos y cient\u00edficos, que lo asesora en la evoluci\u00f3n de la pandemia de coronavirus.<\/p>\n\n\n\n<p>El encuentro se desarroll\u00f3 en la Residencia presidencial de Olivos y los infect\u00f3logos destacaron que la tasa de letalidad contin\u00faa en 2%, \u00ablo que significa que se est\u00e1n haciendo cosas bien y el sistema de salud est\u00e1 respondiendo\u00bb, informaron fuentes oficiales.<\/p>\n\n\n\n<p>Los infect\u00f3logos tambi\u00e9n mencionaron que la pandemia se torn\u00f3 \u00abm\u00e1s federal en las \u00faltimas semanas\u00bb y coincidieron que la vacuna \u00abes una gran esperanza que empez\u00f3 a circular\u00bb.<\/p>\n\n\n\n<p>En torno a las actividades comerciales, productivas y recreativas que no impliquen riesgo, se recomend\u00f3 que \u00abpueden seguir\u00bb y se resalt\u00f3 que&nbsp;<strong>\u00abhay que reforzar el mensaje de distanciamiento social y cuidados\u00bb ya que \u00abpara poder acercarnos a la vacuna tenemos que distanciarnos hoy\u00bb.<\/strong><\/p>\n\n\n\n<p>Los asesores, seg\u00fan las fuentes consultadas por T\u00e9lam, rechazaron las afirmaciones \u00abde cat\u00e1strofe en la salud mental\u00bb. \u00abTampoco decimos que no existan efectos por la pandemia, hay un camino en el medio\u00bb, coincidieron.<\/p>\n\n\n\n<p><strong>Los profesionales expresaron tambi\u00e9n que \u00abeval\u00faan de manera muy positiva la estrategia sanitaria del Gobierno\u00bb ya que \u00abest\u00e1n casi todos de acuerdo en el &#8216;qu\u00e9&#8217; y la discusi\u00f3n fina es el &#8216;c\u00f3mo'\u00bb.<\/strong><\/p>\n\n\n\n<p>Adem\u00e1s,&nbsp;<strong>pidieron \u00abm\u00e1s acompa\u00f1amiento para los pacientes terminales con Covid-19 para que tengan una muerte digna\u00bb<\/strong><strong>y recomendaron \u00abcomunicar un horizonte temporal\u00bb al tiempo que resaltaron que la vacuna abre \u00abuna oportunidad \u00fanica\u00bb.<\/strong><\/p>\n\n\n\n<p>Tambi\u00e9n se hizo hincapi\u00e9 en la salud mental del personal de salud, vinculado al cansancio y mencionaron que necesitan mayor cuidado.<\/p>\n\n\n\n<p>Participaron de la reuni\u00f3n Mirta Roses, Gustavo Lopardo, Javier Farina, Pedro Cahn, Santiago Levin, Alicia Stolkiner y Juan Piovani.<\/p>\n\n\n\n<p>El Presidente mantiene una ronda de consultas con los especialistas ante el vencimiento el pr\u00f3ximo domingo 16 de la actual fase del aislamiento social, preventivo y obligatorio para mitigar los contagios de coronavirus.<\/p>\n\n\n\n<p><\/p>\n","protected":false},"excerpt":{"rendered":"<p>RESIDENCIA DE OLIVOS<\/p>\n","protected":false},"author":2,"featured_media":9341,"comment_status":"open","ping_status":"open","sticky":false,"template":"","format":"standard","meta":{"om_disable_all_campaigns":false,"_monsterinsights_skip_tracking":false,"_monsterinsights_sitenote_active":false,"_monsterinsights_sitenote_note":"","_monsterinsights_sitenote_category":0,"_uf_show_specific_survey":0,"_uf_disable_surveys":false,"jetpack_post_was_ever_published":false,"_jetpack_newsletter_access":"","_jetpack_dont_email_post_to_subs":false,"_jetpack_newsletter_tier_id":0,"_jetpack_memberships_contains_paywalled_content":false,"_jetpack_memberships_contains_paid_content":false,"footnotes":"","jetpack_publicize_message":"","jetpack_publicize_feature_enabled":true,"jetpack_social_post_already_shared":false,"jetpack_social_options":{"image_generator_settings":{"template":"highway","default_image_id":0,"font":"","enabled":false},"version":2}},"categories":[7],"tags":[],"class_list":["post-9340","post","type-post","status-publish","format-standard","has-post-thumbnail","hentry","category-nacionales"],"aioseo_notices":[],"views":5,"jetpack_publicize_connections":[],"jetpack_featured_media_url":"https:\/\/i0.wp.com\/elterritorialweb.com.ar\/web\/wp-content\/uploads\/2020\/08\/ALBERTO-CON-EXPERTOS.jpg?fit=1004%2C565&ssl=1","jetpack_sharing_enabled":true,"_links":{"self":[{"href":"https:\/\/elterritorialweb.com.ar\/web\/wp-json\/wp\/v2\/posts\/9340","targetHints":{"allow":["GET"]}}],"collection":[{"href":"https:\/\/elterritorialweb.com.ar\/web\/wp-json\/wp\/v2\/posts"}],"about":[{"href":"https:\/\/elterritorialweb.com.ar\/web\/wp-json\/wp\/v2\/types\/post"}],"author":[{"embeddable":true,"href":"https:\/\/elterritorialweb.com.ar\/web\/wp-json\/wp\/v2\/users\/2"}],"replies":[{"embeddable":true,"href":"https:\/\/elterritorialweb.com.ar\/web\/wp-json\/wp\/v2\/comments?post=9340"}],"version-history":[{"count":1,"href":"https:\/\/elterritorialweb.com.ar\/web\/wp-json\/wp\/v2\/posts\/9340\/revisions"}],"predecessor-version":[{"id":9342,"href":"https:\/\/elterritorialweb.com.ar\/web\/wp-json\/wp\/v2\/posts\/9340\/revisions\/9342"}],"wp:featuredmedia":[{"embeddable":true,"href":"https:\/\/elterritorialweb.com.ar\/web\/wp-json\/wp\/v2\/media\/9341"}],"wp:attachment":[{"href":"https:\/\/elterritorialweb.com.ar\/web\/wp-json\/wp\/v2\/media?parent=9340"}],"wp:term":[{"taxonomy":"category","embeddable":true,"href":"https:\/\/elterritorialweb.com.ar\/web\/wp-json\/wp\/v2\/categories?post=9340"},{"taxonomy":"post_tag","embeddable":true,"href":"https:\/\/elterritorialweb.com.ar\/web\/wp-json\/wp\/v2\/tags?post=9340"}],"curies":[{"name":"wp","href":"https:\/\/api.w.org\/{rel}","templated":true}]}}