{"id":9343,"date":"2020-08-13T22:02:15","date_gmt":"2020-08-13T22:02:15","guid":{"rendered":"http:\/\/elterritorialweb.com.ar\/web\/?p=9343"},"modified":"2020-08-13T22:02:18","modified_gmt":"2020-08-13T22:02:18","slug":"central-cordoba-confirmo-un-caso-positivo-de-covid-19-de-un-jugador-del-club","status":"publish","type":"post","link":"https:\/\/elterritorialweb.com.ar\/web\/central-cordoba-confirmo-un-caso-positivo-de-covid-19-de-un-jugador-del-club\/","title":{"rendered":"CENTRAL C\u00d3RDOBA CONFIRM\u00d3 UN CASO POSITIVO DE COVID-19 DE UN JUGADOR DEL CLUB"},"content":{"rendered":"\n<p>En la jornada de este jueves, el club Central C\u00f3rdoba inform\u00f3 sobre un caso positivo de coronavirus en el plantel de reserva.<\/p>\n\n\n\n<p>El joven futbolista est\u00e1 cumpliendo el aislamiento correspondiente en su domicilio particular y se encuentra en buen estado f\u00edsico, menciona el parte de prensa del club ferroviario.<\/p>\n\n\n\n<p>Es el primer caso positivo de Covid-19 de un jugador santiague\u00f1o.<\/p>\n\n\n\n<p><\/p>\n\n\n\n<p><strong>COMUNICADO DEL CLUB ATL\u00c9TICO CENTRAL C\u00d3RDOBA<\/strong><\/p>\n\n\n\n<p><em>Central C\u00f3rdoba comunica que el jugador Jos\u00e9 Amado G\u00f3mez, de la reserva del club, dio positivo de Covid-19 y que el Director del Departamento M\u00e9dico de la instituci\u00f3n, Dr. Mariano De Marco, ya se contact\u00f3 con \u00e9l y \u00a0puso a disposici\u00f3n a todo el equipo que lidera para acompa\u00f1arlo y brindarle asistencia.<\/em><\/p>\n\n\n\n<p><em>El jugador est\u00e1 cumpliendo el aislamiento correspondiente &nbsp;en su domicilio particular y se encuentra en buen estado f\u00edsico y an\u00edmico.<\/em><\/p>\n\n\n\n<p><em>El club tambi\u00e9n aclara que el defensor no tuvo contacto alguno ni con sus compa\u00f1eros de reserva ni del plantel profesional, ya que s\u00f3lo particip\u00f3 de charlas a trav\u00e9s de Zoom.<\/em><\/p>\n\n\n\n<p><em>Se comunica finalmente que el club ha puesto a su disposici\u00f3n y de sus familiares los recursos humanos y materiales que necesite durante este periodo.<\/em><\/p>\n","protected":false},"excerpt":{"rendered":"<p>En la jornada de este jueves, el club Central C\u00f3rdoba inform\u00f3 sobre un caso positivo&#8230;<\/p>\n","protected":false},"author":2,"featured_media":9344,"comment_status":"open","ping_status":"open","sticky":false,"template":"","format":"standard","meta":{"om_disable_all_campaigns":false,"_monsterinsights_skip_tracking":false,"_monsterinsights_sitenote_active":false,"_monsterinsights_sitenote_note":"","_monsterinsights_sitenote_category":0,"_uf_show_specific_survey":0,"_uf_disable_surveys":false,"jetpack_post_was_ever_published":false,"_jetpack_newsletter_access":"","_jetpack_dont_email_post_to_subs":false,"_jetpack_newsletter_tier_id":0,"_jetpack_memberships_contains_paywalled_content":false,"_jetpack_memberships_contains_paid_content":false,"footnotes":"","jetpack_publicize_message":"","jetpack_publicize_feature_enabled":true,"jetpack_social_post_already_shared":false,"jetpack_social_options":{"image_generator_settings":{"template":"highway","default_image_id":0,"font":"","enabled":false},"version":2}},"categories":[6],"tags":[],"class_list":["post-9343","post","type-post","status-publish","format-standard","has-post-thumbnail","hentry","category-deportes"],"aioseo_notices":[],"views":8,"jetpack_publicize_connections":[],"jetpack_featured_media_url":"https:\/\/i0.wp.com\/elterritorialweb.com.ar\/web\/wp-content\/uploads\/2020\/08\/CENTRAL-CORDOBA-CASO-POSITIVO.jpg?fit=259%2C194&ssl=1","jetpack_sharing_enabled":true,"_links":{"self":[{"href":"https:\/\/elterritorialweb.com.ar\/web\/wp-json\/wp\/v2\/posts\/9343","targetHints":{"allow":["GET"]}}],"collection":[{"href":"https:\/\/elterritorialweb.com.ar\/web\/wp-json\/wp\/v2\/posts"}],"about":[{"href":"https:\/\/elterritorialweb.com.ar\/web\/wp-json\/wp\/v2\/types\/post"}],"author":[{"embeddable":true,"href":"https:\/\/elterritorialweb.com.ar\/web\/wp-json\/wp\/v2\/users\/2"}],"replies":[{"embeddable":true,"href":"https:\/\/elterritorialweb.com.ar\/web\/wp-json\/wp\/v2\/comments?post=9343"}],"version-history":[{"count":1,"href":"https:\/\/elterritorialweb.com.ar\/web\/wp-json\/wp\/v2\/posts\/9343\/revisions"}],"predecessor-version":[{"id":9345,"href":"https:\/\/elterritorialweb.com.ar\/web\/wp-json\/wp\/v2\/posts\/9343\/revisions\/9345"}],"wp:featuredmedia":[{"embeddable":true,"href":"https:\/\/elterritorialweb.com.ar\/web\/wp-json\/wp\/v2\/media\/9344"}],"wp:attachment":[{"href":"https:\/\/elterritorialweb.com.ar\/web\/wp-json\/wp\/v2\/media?parent=9343"}],"wp:term":[{"taxonomy":"category","embeddable":true,"href":"https:\/\/elterritorialweb.com.ar\/web\/wp-json\/wp\/v2\/categories?post=9343"},{"taxonomy":"post_tag","embeddable":true,"href":"https:\/\/elterritorialweb.com.ar\/web\/wp-json\/wp\/v2\/tags?post=9343"}],"curies":[{"name":"wp","href":"https:\/\/api.w.org\/{rel}","templated":true}]}}