{"id":9349,"date":"2020-08-13T22:46:47","date_gmt":"2020-08-13T22:46:47","guid":{"rendered":"http:\/\/elterritorialweb.com.ar\/web\/?p=9349"},"modified":"2020-08-13T22:47:15","modified_gmt":"2020-08-13T22:47:15","slug":"operativos-de-la-direccion-de-bosques-y-fauna-del-ministerio-de-produccion","status":"publish","type":"post","link":"https:\/\/elterritorialweb.com.ar\/web\/operativos-de-la-direccion-de-bosques-y-fauna-del-ministerio-de-produccion\/","title":{"rendered":"OPERATIVOS DE LA DIRECCI\u00d3N DE BOSQUES Y FAUNA DEL MINISTERIO DE PRODUCCI\u00d3N"},"content":{"rendered":"\n<p>Los mismos se efect\u00faan con presencia del Grupo Especial de Rescate y Cuerpo de Infanter\u00eda de la Polic\u00eda de la provincia en articulaci\u00f3n con personal de la Unidad Ejecutora del Servicio de Riego del R\u00edo Dulce. Es asi que durante un corte de servicio se incautaron 6 redes agalleras, una canasta de mano y trampera de aves cantoras.\u00a0<br>Continuando con los operativos, durante el fin de semana se incautaron<br>nuevamente 6 redes agalleras en procedimientos en cercan\u00eda de Loreto y<br>Barrio Salta Prolongaci\u00f3n, La Banda, donde tambi\u00e9n ten\u00eda trampa lineales<br>y tramperas para aves cantoras.<\/p>\n\n\n\n<figure class=\"wp-block-image size-large\"><img data-recalc-dims=\"1\" decoding=\"async\" width=\"640\" height=\"853\" data-src=\"https:\/\/i0.wp.com\/elterritorialweb.com.ar\/web\/wp-content\/uploads\/2020\/08\/ministerio-1.jpg?resize=640%2C853\" alt=\"\" class=\"wp-image-9351 lazyload\" data-srcset=\"https:\/\/i0.wp.com\/elterritorialweb.com.ar\/web\/wp-content\/uploads\/2020\/08\/ministerio-1.jpg?resize=768%2C1024&amp;ssl=1 768w, https:\/\/i0.wp.com\/elterritorialweb.com.ar\/web\/wp-content\/uploads\/2020\/08\/ministerio-1.jpg?resize=225%2C300&amp;ssl=1 225w, https:\/\/i0.wp.com\/elterritorialweb.com.ar\/web\/wp-content\/uploads\/2020\/08\/ministerio-1.jpg?w=780&amp;ssl=1 780w\" data-sizes=\"(max-width: 640px) 100vw, 640px\" src=\"data:image\/svg+xml;base64,PHN2ZyB3aWR0aD0iMSIgaGVpZ2h0PSIxIiB4bWxucz0iaHR0cDovL3d3dy53My5vcmcvMjAwMC9zdmciPjwvc3ZnPg==\" style=\"--smush-placeholder-width: 640px; --smush-placeholder-aspect-ratio: 640\/853;\" \/><\/figure>\n\n\n\n<p>En la jornada de ayer, mi\u00e9rcoles 12, se decomisaron 98 s\u00e1balos y 6 bagres<br>que iban a ser comercializados en la localidad de Tasigasta, Departament<br>Atamisqui, donde se secuestr\u00f3 freezer y elementos de pesca.<br>Cabe destacar que los elementos de pesca como redes agalleras, tramallos, canastas y trampa lineales se encuentran PROHIBIDOS y el uso de los mismos, atenta contra reproducci\u00f3n de la fauna ict\u00edcola de nuestros r\u00edos. Por \u00faltimo, las aves, fueron liberadas y otras se encuentran en rehabilitaci\u00f3n.<\/p>\n","protected":false},"excerpt":{"rendered":"<p>El Ministerio de Producci\u00f3n, Recursos Naturales, Forestaci\u00f3n y Tierras, a trav\u00e9s  de personal de la Direcci\u00f3n de Bosques y Fauna, realiza durante todo el a\u00f1o inspecciones y operativos en distintos lugares del R\u00edo Dulce, los que se incrementaron durante el mes de agosto.<\/p>\n","protected":false},"author":2,"featured_media":9350,"comment_status":"open","ping_status":"open","sticky":false,"template":"","format":"standard","meta":{"om_disable_all_campaigns":false,"_monsterinsights_skip_tracking":false,"_monsterinsights_sitenote_active":false,"_monsterinsights_sitenote_note":"","_monsterinsights_sitenote_category":0,"_uf_show_specific_survey":0,"_uf_disable_surveys":false,"jetpack_post_was_ever_published":false,"_jetpack_newsletter_access":"","_jetpack_dont_email_post_to_subs":false,"_jetpack_newsletter_tier_id":0,"_jetpack_memberships_contains_paywalled_content":false,"_jetpack_memberships_contains_paid_content":false,"footnotes":"","jetpack_publicize_message":"","jetpack_publicize_feature_enabled":true,"jetpack_social_post_already_shared":false,"jetpack_social_options":{"image_generator_settings":{"template":"highway","default_image_id":0,"font":"","enabled":false},"version":2}},"categories":[21],"tags":[],"class_list":["post-9349","post","type-post","status-publish","format-standard","has-post-thumbnail","hentry","category-locales"],"aioseo_notices":[],"views":5,"jetpack_publicize_connections":[],"jetpack_featured_media_url":"https:\/\/i0.wp.com\/elterritorialweb.com.ar\/web\/wp-content\/uploads\/2020\/08\/ministerio-.jpg?fit=780%2C1040&ssl=1","jetpack_sharing_enabled":true,"_links":{"self":[{"href":"https:\/\/elterritorialweb.com.ar\/web\/wp-json\/wp\/v2\/posts\/9349","targetHints":{"allow":["GET"]}}],"collection":[{"href":"https:\/\/elterritorialweb.com.ar\/web\/wp-json\/wp\/v2\/posts"}],"about":[{"href":"https:\/\/elterritorialweb.com.ar\/web\/wp-json\/wp\/v2\/types\/post"}],"author":[{"embeddable":true,"href":"https:\/\/elterritorialweb.com.ar\/web\/wp-json\/wp\/v2\/users\/2"}],"replies":[{"embeddable":true,"href":"https:\/\/elterritorialweb.com.ar\/web\/wp-json\/wp\/v2\/comments?post=9349"}],"version-history":[{"count":1,"href":"https:\/\/elterritorialweb.com.ar\/web\/wp-json\/wp\/v2\/posts\/9349\/revisions"}],"predecessor-version":[{"id":9352,"href":"https:\/\/elterritorialweb.com.ar\/web\/wp-json\/wp\/v2\/posts\/9349\/revisions\/9352"}],"wp:featuredmedia":[{"embeddable":true,"href":"https:\/\/elterritorialweb.com.ar\/web\/wp-json\/wp\/v2\/media\/9350"}],"wp:attachment":[{"href":"https:\/\/elterritorialweb.com.ar\/web\/wp-json\/wp\/v2\/media?parent=9349"}],"wp:term":[{"taxonomy":"category","embeddable":true,"href":"https:\/\/elterritorialweb.com.ar\/web\/wp-json\/wp\/v2\/categories?post=9349"},{"taxonomy":"post_tag","embeddable":true,"href":"https:\/\/elterritorialweb.com.ar\/web\/wp-json\/wp\/v2\/tags?post=9349"}],"curies":[{"name":"wp","href":"https:\/\/api.w.org\/{rel}","templated":true}]}}