{"id":9353,"date":"2020-08-13T23:46:55","date_gmt":"2020-08-13T23:46:55","guid":{"rendered":"http:\/\/elterritorialweb.com.ar\/web\/?p=9353"},"modified":"2020-08-14T00:29:12","modified_gmt":"2020-08-14T00:29:12","slug":"zamora-se-reune-por-videoconferencia-con-fernandez-y-otros-gobernadores","status":"publish","type":"post","link":"https:\/\/elterritorialweb.com.ar\/web\/zamora-se-reune-por-videoconferencia-con-fernandez-y-otros-gobernadores\/","title":{"rendered":"ZAMORA SE RE\u00daNE POR VIDEOCONFERENCIA CON FERN\u00c1NDEZ Y OTROS GOBERNADORES"},"content":{"rendered":"\n<p>El gobernador de Santiago del Estero, Gerardo Zamora mantiene una videoconferencia con el presidente Alberto Fern\u00e1ndez, y un grupo de gobernadores, para analizar la situaci\u00f3n en torno a la pandemia del coronavirus.<\/p>\n\n\n\n<p>Del encuentro virtual participan las gobernadoras de R\u00edo Negro, Arabela Carreras, y de Santa Cruz, Alicia Kirchner, y los gobernadores de Santa Fe, Omar Perotti; Jujuy, Gerardo Morales; La Rioja, Ricardo Quintela; Mendoza,&nbsp;Rodolfo Su\u00e1rez; Salta, Gustavo S\u00e1enz; Entre R\u00edos, Gustavo Bordet;  C\u00f3rdoba, Juan Schiaretti; Tucum\u00e1n, Juan Manzur, y Tierra del Fuego, Gustavo Melella.<\/p>\n\n\n\n<iframe data-src=\"https:\/\/www.facebook.com\/plugins\/post.php?href=https%3A%2F%2Fwww.facebook.com%2FzamoraSDE%2Fposts%2F3045993068853927&#038;width=500\" width=\"500\" height=\"688\" style=\"border:none;overflow:hidden\" scrolling=\"no\" frameborder=\"0\" allowTransparency=\"true\" allow=\"encrypted-media\" src=\"data:image\/svg+xml;base64,PHN2ZyB3aWR0aD0iMSIgaGVpZ2h0PSIxIiB4bWxucz0iaHR0cDovL3d3dy53My5vcmcvMjAwMC9zdmciPjwvc3ZnPg==\" class=\"lazyload\" data-load-mode=\"1\"><\/iframe>\n","protected":false},"excerpt":{"rendered":"<p>Analizan la situaci\u00f3n de la pandemia y las medidas que se anunciar\u00e1n ma\u00f1ana sobre la continuidad de la cuarentena.<\/p>\n","protected":false},"author":2,"featured_media":9359,"comment_status":"open","ping_status":"open","sticky":false,"template":"","format":"standard","meta":{"om_disable_all_campaigns":false,"_monsterinsights_skip_tracking":false,"_monsterinsights_sitenote_active":false,"_monsterinsights_sitenote_note":"","_monsterinsights_sitenote_category":0,"_uf_show_specific_survey":0,"_uf_disable_surveys":false,"jetpack_post_was_ever_published":false,"_jetpack_newsletter_access":"","_jetpack_dont_email_post_to_subs":false,"_jetpack_newsletter_tier_id":0,"_jetpack_memberships_contains_paywalled_content":false,"_jetpack_memberships_contains_paid_content":false,"footnotes":"","jetpack_publicize_message":"","jetpack_publicize_feature_enabled":true,"jetpack_social_post_already_shared":false,"jetpack_social_options":{"image_generator_settings":{"template":"highway","default_image_id":0,"font":"","enabled":false},"version":2}},"categories":[21],"tags":[],"class_list":["post-9353","post","type-post","status-publish","format-standard","has-post-thumbnail","hentry","category-locales"],"aioseo_notices":[],"views":5,"jetpack_publicize_connections":[],"jetpack_featured_media_url":"https:\/\/i0.wp.com\/elterritorialweb.com.ar\/web\/wp-content\/uploads\/2020\/08\/ZAMORA-Y-FERNANDEZ-13-DE-AGOSTO.jpg?fit=782%2C960&ssl=1","jetpack_sharing_enabled":true,"_links":{"self":[{"href":"https:\/\/elterritorialweb.com.ar\/web\/wp-json\/wp\/v2\/posts\/9353","targetHints":{"allow":["GET"]}}],"collection":[{"href":"https:\/\/elterritorialweb.com.ar\/web\/wp-json\/wp\/v2\/posts"}],"about":[{"href":"https:\/\/elterritorialweb.com.ar\/web\/wp-json\/wp\/v2\/types\/post"}],"author":[{"embeddable":true,"href":"https:\/\/elterritorialweb.com.ar\/web\/wp-json\/wp\/v2\/users\/2"}],"replies":[{"embeddable":true,"href":"https:\/\/elterritorialweb.com.ar\/web\/wp-json\/wp\/v2\/comments?post=9353"}],"version-history":[{"count":2,"href":"https:\/\/elterritorialweb.com.ar\/web\/wp-json\/wp\/v2\/posts\/9353\/revisions"}],"predecessor-version":[{"id":9360,"href":"https:\/\/elterritorialweb.com.ar\/web\/wp-json\/wp\/v2\/posts\/9353\/revisions\/9360"}],"wp:featuredmedia":[{"embeddable":true,"href":"https:\/\/elterritorialweb.com.ar\/web\/wp-json\/wp\/v2\/media\/9359"}],"wp:attachment":[{"href":"https:\/\/elterritorialweb.com.ar\/web\/wp-json\/wp\/v2\/media?parent=9353"}],"wp:term":[{"taxonomy":"category","embeddable":true,"href":"https:\/\/elterritorialweb.com.ar\/web\/wp-json\/wp\/v2\/categories?post=9353"},{"taxonomy":"post_tag","embeddable":true,"href":"https:\/\/elterritorialweb.com.ar\/web\/wp-json\/wp\/v2\/tags?post=9353"}],"curies":[{"name":"wp","href":"https:\/\/api.w.org\/{rel}","templated":true}]}}