{"id":9368,"date":"2020-08-14T02:17:33","date_gmt":"2020-08-14T02:17:33","guid":{"rendered":"http:\/\/elterritorialweb.com.ar\/web\/?p=9368"},"modified":"2020-08-14T02:17:34","modified_gmt":"2020-08-14T02:17:34","slug":"se-confirmo-un-nuevo-caso-positivo-de-coronavirus-en-la-ciudad-de-beltran","status":"publish","type":"post","link":"https:\/\/elterritorialweb.com.ar\/web\/se-confirmo-un-nuevo-caso-positivo-de-coronavirus-en-la-ciudad-de-beltran\/","title":{"rendered":"SE CONFIRM\u00d3 UN NUEVO CASO POSITIVO DE CORONAVIRUS EN LA CIUDAD DE BELTR\u00c1N"},"content":{"rendered":"\n<p>BELTR\u00c1N<\/p>\n\n\n\n<p>El reporte diario que emiti\u00f3 el Ministerio de Salud, confirm\u00f3 un nuevo caso positivo en la ciudad de Beltr\u00e1n.<\/p>\n\n\n\n<p>Desde el municipio informaron que el caso positivo, corresponde a una persona con domicilio en el paraje de la Ribera, que tuvo contacto estrecho con un transportista y se encontraba en el centro de aislamiento de la ciudad. <\/p>\n\n\n\n<p>Por otra parte, comunicaron que se realizaron testeos rapidos en el Hospital de Tr\u00e1nsito Dr. Salvador Retondo, a las personas que tuvieron contacto estrecho con el caso positivo. <\/p>\n\n\n\n<figure class=\"wp-block-image size-large\"><img data-recalc-dims=\"1\" decoding=\"async\" width=\"640\" height=\"800\" data-src=\"https:\/\/i0.wp.com\/elterritorialweb.com.ar\/web\/wp-content\/uploads\/2020\/08\/BELTRAN-CASO-POSITIVO.jpg?resize=640%2C800\" alt=\"\" class=\"wp-image-9369 lazyload\" data-srcset=\"https:\/\/i0.wp.com\/elterritorialweb.com.ar\/web\/wp-content\/uploads\/2020\/08\/BELTRAN-CASO-POSITIVO.jpg?w=768&amp;ssl=1 768w, https:\/\/i0.wp.com\/elterritorialweb.com.ar\/web\/wp-content\/uploads\/2020\/08\/BELTRAN-CASO-POSITIVO.jpg?resize=240%2C300&amp;ssl=1 240w\" data-sizes=\"(max-width: 640px) 100vw, 640px\" src=\"data:image\/svg+xml;base64,PHN2ZyB3aWR0aD0iMSIgaGVpZ2h0PSIxIiB4bWxucz0iaHR0cDovL3d3dy53My5vcmcvMjAwMC9zdmciPjwvc3ZnPg==\" style=\"--smush-placeholder-width: 640px; --smush-placeholder-aspect-ratio: 640\/800;\" \/><\/figure>\n","protected":false},"excerpt":{"rendered":"<p>BELTR\u00c1N El reporte diario que emiti\u00f3 el Ministerio de Salud, confirm\u00f3 un nuevo caso positivo&#8230;<\/p>\n","protected":false},"author":2,"featured_media":4033,"comment_status":"open","ping_status":"open","sticky":false,"template":"","format":"standard","meta":{"om_disable_all_campaigns":false,"_monsterinsights_skip_tracking":false,"_monsterinsights_sitenote_active":false,"_monsterinsights_sitenote_note":"","_monsterinsights_sitenote_category":0,"_uf_show_specific_survey":0,"_uf_disable_surveys":false,"jetpack_post_was_ever_published":false,"_jetpack_newsletter_access":"","_jetpack_dont_email_post_to_subs":false,"_jetpack_newsletter_tier_id":0,"_jetpack_memberships_contains_paywalled_content":false,"_jetpack_memberships_contains_paid_content":false,"footnotes":"","jetpack_publicize_message":"","jetpack_publicize_feature_enabled":true,"jetpack_social_post_already_shared":false,"jetpack_social_options":{"image_generator_settings":{"template":"highway","default_image_id":0,"font":"","enabled":false},"version":2}},"categories":[3],"tags":[],"class_list":["post-9368","post","type-post","status-publish","format-standard","has-post-thumbnail","hentry","category-salud"],"aioseo_notices":[],"views":6,"jetpack_publicize_connections":[],"jetpack_featured_media_url":"https:\/\/i0.wp.com\/elterritorialweb.com.ar\/web\/wp-content\/uploads\/2020\/04\/BELTRAN-1.jpg?fit=600%2C337&ssl=1","jetpack_sharing_enabled":true,"_links":{"self":[{"href":"https:\/\/elterritorialweb.com.ar\/web\/wp-json\/wp\/v2\/posts\/9368","targetHints":{"allow":["GET"]}}],"collection":[{"href":"https:\/\/elterritorialweb.com.ar\/web\/wp-json\/wp\/v2\/posts"}],"about":[{"href":"https:\/\/elterritorialweb.com.ar\/web\/wp-json\/wp\/v2\/types\/post"}],"author":[{"embeddable":true,"href":"https:\/\/elterritorialweb.com.ar\/web\/wp-json\/wp\/v2\/users\/2"}],"replies":[{"embeddable":true,"href":"https:\/\/elterritorialweb.com.ar\/web\/wp-json\/wp\/v2\/comments?post=9368"}],"version-history":[{"count":1,"href":"https:\/\/elterritorialweb.com.ar\/web\/wp-json\/wp\/v2\/posts\/9368\/revisions"}],"predecessor-version":[{"id":9370,"href":"https:\/\/elterritorialweb.com.ar\/web\/wp-json\/wp\/v2\/posts\/9368\/revisions\/9370"}],"wp:featuredmedia":[{"embeddable":true,"href":"https:\/\/elterritorialweb.com.ar\/web\/wp-json\/wp\/v2\/media\/4033"}],"wp:attachment":[{"href":"https:\/\/elterritorialweb.com.ar\/web\/wp-json\/wp\/v2\/media?parent=9368"}],"wp:term":[{"taxonomy":"category","embeddable":true,"href":"https:\/\/elterritorialweb.com.ar\/web\/wp-json\/wp\/v2\/categories?post=9368"},{"taxonomy":"post_tag","embeddable":true,"href":"https:\/\/elterritorialweb.com.ar\/web\/wp-json\/wp\/v2\/tags?post=9368"}],"curies":[{"name":"wp","href":"https:\/\/api.w.org\/{rel}","templated":true}]}}