{"id":9375,"date":"2020-08-14T17:41:36","date_gmt":"2020-08-14T17:41:36","guid":{"rendered":"http:\/\/elterritorialweb.com.ar\/web\/?p=9375"},"modified":"2020-08-14T17:44:11","modified_gmt":"2020-08-14T17:44:11","slug":"fernandez-hasta-que-llegue-la-vacuna-tenemos-que-pedirles-la-maxima-prudencia","status":"publish","type":"post","link":"https:\/\/elterritorialweb.com.ar\/web\/fernandez-hasta-que-llegue-la-vacuna-tenemos-que-pedirles-la-maxima-prudencia\/","title":{"rendered":"FERN\u00c1NDEZ: \u00abHASTA QUE LLEGUE LA VACUNA TENEMOS QUE PEDIRLES LA M\u00c1XIMA PRUDENCIA\u00bb"},"content":{"rendered":"\n<p><\/p>\n\n\n\n<p>FRASES DESTACADAS DELPRESIDENTE ALBERTO FERN\u00c1NDEZ<\/p>\n\n\n\n<p>\u00abA principios de 2021 podremos contar con la vacuna, el mundo est\u00e1 enfermo y la verdad que la \u00fanica medicina que hemos encontrado hasta aqu\u00ed es acotar lo m\u00e1ximo posible la circulaci\u00f3n y el encuentro de las personas, la cercan\u00eda. No me gusta decir una cosa por otra. No estamos en condiciones de decidir con qui\u00e9n me encuentro o no sin que sea un riesgo para ambos\u00bb.<br>\u00abNosotros desde el primer d\u00eda nos hemos trazado un plan que es decirles la verdad. Necesit\u00e1bamos ordenar el sistema de salud y ganar tiempo hasta que la ciencia encuentre la soluci\u00f3n m\u00e9dica\u00bb.<br>\u00abEl riesgo siempre existe. El riesgo de que estemos tranquilos, relajados y pensemos que esto es lo peor que ha pasado es peligroso, la pandemia fue circulando por el mundo y hoy tiene a Am\u00e9rica Latina como epicentro con lo que tenemos que ser conscientes de que el mundo tiene una enfermedad que el \u00fanico remedio que ha encontrado hasta el momento es evitar el contacto de unos con otros\u00bb.<br>\u00abHasta que llegue la vacuna tenemos que pedirles la m\u00e1xima prudencia en el encontrarse los unos a los otros. La gente circula, los negocios se han abierto. La realidad es que esta en nuestras manos cuidarnos, ya no depende de una desicion pol\u00edtica. Esta en nuestras manos\u00bb.<br>\u00abPara muchos esto se ha convertido en un tiempo en el que est\u00e1n sin libertad pero que lamentablemente tenemos que decirles que en esos encuentros, en esos abrazos el riesgo se potencia enormemente\u00bb.<br>\u00abEn este tiempo tuvimos muchos logros. El primero es el fortalecimiento del sistema de salud, nultiplicamos por dos las camas de terapia intensiva y por m\u00e1s las otras camas (con axel)\u00bb.<br>\u00abSi con horacio no hubi\u00e9ramos trabajado en este tiempo hoy estar\u00edamos en un problema mayor con la ciudad\u00bb.<br>\u00abPudimos fortaleces nuestro sistema de salud en todo el pais. Hoy en d\u00eda a nadie le falta un respirador artificial. Nosotros nos pusimos el l\u00edmite de que ning\u00fan m\u00e9dico tenga que elegir entre a quien salva y a quien no, no obstante el n\u00famero de contagios crece y crece la demanda de atenci\u00f3n a niveles preocupantes.<br>\u00abQuiero darles las gracias a los trabajadores de la salud porque ellos han hecho un esfuerzo sobrehumano para que el sistema funcione. Quiero agradecerle a la inmensa mayor\u00eda de argentinos que han entendido el riesgo. Quiero agradecerles a los adultos mayores que se quedan en sus casa cuidandose. La verdad la inmensa mayor\u00eda de los argentinos esta cumpliendo con las indicaciones que el sistema de salud est\u00e1 dando. El riesgo existe y no ha desaparecido.<br>\u00abEsto empez\u00f3 con un sistema que creaba un aislamiento obligatorio y despu\u00e9s fue un distanciamiento social, fuimos abriendo actividades, comercios e industrias con protocolos. En los lugares donde se ha respetado el protocolo no ha habido problemas de contagios. Los problemas de contagios se dan por esos encuentros sociales. Nunca hay que olvidarse que esta es una enfermedad que no da s\u00edntomas\u00bb.<br>\u00abHubiera querido que todos los argentinos pudieran presenciar la reuni\u00f3n que tuve ayer con los gobernadores. Hubiera querido que escuchen a los gobernadores de Jujuy y de Santiago del Estero donde tuvieron un aumento estrepitoso de casos. Jujuy fue una provincia que durante m\u00e1s de 100 d\u00edas no tuvo ni un caso. Jujuy se ofrec\u00eda para que los equipos de f\u00fatbol vuelvan entrenar hasta que un d\u00eda dos polic\u00edas fueron a Bolivia a comprar coca y otros fueron a comprar mercader\u00eda en bolivia y regaron el virus. Hoy tenemos 14 provincias con el virus.<br>\u00abQuiero decirles la verdad. Hoy tenemos una ventana de esperanza. La realidad es que en silencio trabajando con astra s\u00e9neca y el aporte de la universidad de oxford logramos ser los productores para toda Latinoam\u00e9rica junto con mexico de la vacuna para el Covid-19. Estoy feliz con esta uni\u00f3n que nos dio la historia. Astra s\u00e9neca es uno de los laboratorios m\u00e1s importantes del mundo que ha elegido a una empresa argentina donde trabajan un mont\u00f3n de investigadores del Conicet. Estamos trabajando para que lo antes posible tengamos la vacuna y conf\u00edo que eso pueda ocurrir en el primer trimestre del a\u00f1o entrante. Mi gratitud por haber elegido Argentina y mi alegr\u00eda de poder trabajar con M\u00e9xico pero falta todav\u00eda\u00bb.<br>\u00abTodo lo que hicimos no fue en vano, tuvo sentido y nos permite hoy estar en este lugar: somos el pa\u00eds con menor cantidad de muertes. Nosotros en todo este tiempo hemos podido ir controlando lo que pasa con la pandemia. Hoy tenemos un problema muy serio y es que se ha expandido en casi todo el territorio el virus. Miren lo que ja pasado en Salta, Jujuy, Chaco, zona cercana a Buenos Aires, empieza a expandirse. Miren lo que pasa en Rosario, Santa Fe, C\u00f3rdoba, Mendoza, R\u00edo negro, R\u00edo grande. F\u00edjense que Entre R\u00edos por ejemplo tiene un foco importante en Paran\u00e1 pero toda entre r\u00edos est\u00e1 te\u00f1ido. F\u00edjense que C\u00f3rdoba tiene m\u00e1s casos. El problema hoy es que el virus se ha expandido y vamos a ver como esa expansi\u00f3n ha hecho que las camas se comiencen a reclamar a otro ritmo\u00bb.<br>\u00abPor este cuadro ayer habl\u00e9 con los gobernadores para en conjunto tomar una desicion de como seguimos. Todos atribuyeron el aumento de contagios a la mayor circulaci\u00f3n. Hay experiencias que nosotros hemos visto en 3 provincias:C\u00f3rdoba, Santa Fe y Entre Rios. En C\u00f3rdoba cuando han detectado el foco han focalizado los lugares y puso restricciones muy estrictas. Todos han estado de acuerdo en que el grave problema son las reuniones sociales. En todos lados se observa un crecimiento de los contagio. Todav\u00eda, salvo en el caso de jujuy donde el sistema de salud se ha saturado al 93% el resto esta controlado. Ac\u00e1 tenemos un caso paradigm\u00e1tico porque fue una provincia con m\u00e1s de cien d\u00edas sin casos. En la ciudad de Buenos Aires han logrado amesetar los contagios y nosotros contamos con el jefe de gobierno que esa meceta comience a bajar. Tenemos que estar muy atentos. Mientras mantengamos estos n\u00fameros y comiencen a bajar podemos estar tranquilos\u00bb.<br>\u00abYo les pido que entendamos que estamos muy lejos de tener el tema resuelto. Agradezco a los gobernadores porque siento que estamos trabajando en el mismo idioma, que tenemos la misma preocupaci\u00f3n. Entiendan que tenemos que ser muy cuidadosos y entiendan que por m\u00e1s discurso de ocasi\u00f3n esta es la realidad. Estamos enfermos, el modo de cuidarnos es quedarnos en casa\u00bb.<br>\u00abSi los contagios se aceleran estos n\u00fameros van a crecer y yo quiero cumplir con los objetivos es que cada argentino pueda tener atenci\u00f3n m\u00e9dica. Yo les pido que entiendan que el riesgo de aumentar la circulaci\u00f3n, aumentar los contactos f\u00edsicos es un problema y esto no es autoritarismo\u00bb.<br>\u00abEstamos en un momento donde todos estamos preocupados y cansado. Pero la verdad es que tenemos que estar muy atentos porque estamos lejos de resolver el problema. Lo que necesitamos es que el sistema no se sature. Y si estamos cumpliendo es porque ganamos tiempo multiplicando el sistema de salud en argentina. Tenemos la tranquilidad de que hemos aumentado la cantidad de testeos. El porcentaje que hay entre test hechos y gente contagiada crece porque vamos a buscar a posibles contagiados. Tenemos que entender que el problema ya no es el AMBA, se ha diseminado en todo el pa\u00eds por lo que tenemos que potenciar todos los cuidados que dependen de ustedes no de nosotros\u00bb.<br>\u00abHemos dispuesto que vamos a mantener el sistema que hoy tenemos hasta el 30 de agosto. Hemos acordado con los gobernadores que en las zonas rojas vamos a volver a la fase uno. En los lugares que no est\u00e1n alcanzados por esa disposici\u00f3n van a seguir el distanciamiento social que es algo que siempre debemos cuidar y mantener\u00bb<\/p>\n","protected":false},"excerpt":{"rendered":"<p>FRASES DESTACADAS DELPRESIDENTE ALBERTO FERN\u00c1NDEZ \u00abA principios de 2021 podremos contar con la vacuna, el&#8230;<\/p>\n","protected":false},"author":2,"featured_media":0,"comment_status":"open","ping_status":"open","sticky":false,"template":"","format":"standard","meta":{"om_disable_all_campaigns":false,"_monsterinsights_skip_tracking":false,"_monsterinsights_sitenote_active":false,"_monsterinsights_sitenote_note":"","_monsterinsights_sitenote_category":0,"_uf_show_specific_survey":0,"_uf_disable_surveys":false,"jetpack_post_was_ever_published":false,"_jetpack_newsletter_access":"","_jetpack_dont_email_post_to_subs":false,"_jetpack_newsletter_tier_id":0,"_jetpack_memberships_contains_paywalled_content":false,"_jetpack_memberships_contains_paid_content":false,"footnotes":"","jetpack_publicize_message":"","jetpack_publicize_feature_enabled":true,"jetpack_social_post_already_shared":false,"jetpack_social_options":{"image_generator_settings":{"template":"highway","default_image_id":0,"font":"","enabled":false},"version":2}},"categories":[7],"tags":[],"class_list":["post-9375","post","type-post","status-publish","format-standard","hentry","category-nacionales"],"aioseo_notices":[],"views":4,"jetpack_publicize_connections":[],"jetpack_featured_media_url":"","jetpack_sharing_enabled":true,"_links":{"self":[{"href":"https:\/\/elterritorialweb.com.ar\/web\/wp-json\/wp\/v2\/posts\/9375","targetHints":{"allow":["GET"]}}],"collection":[{"href":"https:\/\/elterritorialweb.com.ar\/web\/wp-json\/wp\/v2\/posts"}],"about":[{"href":"https:\/\/elterritorialweb.com.ar\/web\/wp-json\/wp\/v2\/types\/post"}],"author":[{"embeddable":true,"href":"https:\/\/elterritorialweb.com.ar\/web\/wp-json\/wp\/v2\/users\/2"}],"replies":[{"embeddable":true,"href":"https:\/\/elterritorialweb.com.ar\/web\/wp-json\/wp\/v2\/comments?post=9375"}],"version-history":[{"count":2,"href":"https:\/\/elterritorialweb.com.ar\/web\/wp-json\/wp\/v2\/posts\/9375\/revisions"}],"predecessor-version":[{"id":9378,"href":"https:\/\/elterritorialweb.com.ar\/web\/wp-json\/wp\/v2\/posts\/9375\/revisions\/9378"}],"wp:attachment":[{"href":"https:\/\/elterritorialweb.com.ar\/web\/wp-json\/wp\/v2\/media?parent=9375"}],"wp:term":[{"taxonomy":"category","embeddable":true,"href":"https:\/\/elterritorialweb.com.ar\/web\/wp-json\/wp\/v2\/categories?post=9375"},{"taxonomy":"post_tag","embeddable":true,"href":"https:\/\/elterritorialweb.com.ar\/web\/wp-json\/wp\/v2\/tags?post=9375"}],"curies":[{"name":"wp","href":"https:\/\/api.w.org\/{rel}","templated":true}]}}