{"id":9379,"date":"2020-08-14T18:13:23","date_gmt":"2020-08-14T18:13:23","guid":{"rendered":"http:\/\/elterritorialweb.com.ar\/web\/?p=9379"},"modified":"2020-08-14T18:13:24","modified_gmt":"2020-08-14T18:13:24","slug":"fernandez-el-aislamiento-sanitario-va-a-continuar-hasta-el-30-de-agosto","status":"publish","type":"post","link":"https:\/\/elterritorialweb.com.ar\/web\/fernandez-el-aislamiento-sanitario-va-a-continuar-hasta-el-30-de-agosto\/","title":{"rendered":"FERN\u00c1NDEZ: \u00abEL AISLAMIENTO SANITARIO VA A CONTINUAR HASTA EL 30 DE AGOSTO\u00bb"},"content":{"rendered":"\n<p>El presidente Alberto Fern\u00e1ndez anunci\u00f3 la extensi\u00f3n de la cuarentena por dos semanas m\u00e1s, hasta el 30 de agosto.\u00a0Junto al jefe de Gobierno porte\u00f1o, Horacio Rodr\u00edguez Larreta, y el gobernador bonaerense, Axel Kicillof<\/p>\n\n\n\n<p><strong>\u00abEn las pr\u00f3ximas horas va a salir un decreto, disponiendo como va a ser el sistema de aqu\u00ed en adelante\u00bb<\/strong>, sostuvo el mandatario nacional.<\/p>\n\n\n\n<p><strong>\u00abEl sistema de aislamiento sanitario va a continuar en Amba, en cuatro departamentos de Jujuy, en R\u00edo Gallegos, en R\u00edo Grande Tierra del Fuego, vamos a sumar a Tartagal en Salta, a la Rioja capital y Chamical provincia de la Rioja, a la capital de Santiago del Estero y a La Banda, esta etapa va a culminar el 30 de agosto\u00bb<\/strong>, aclar\u00f3 Fern\u00e1ndez. <\/p>\n\n\n\n<p><strong>\u00abPor favor que no nos confundan, que no nos hagan discutir, lo ovio, sigamos trabajando juntos, m\u00e1s unidos que nunca para poder pasar este mal tiempo del mejor modo\u00bb<\/strong>, sigui\u00f3 diciendo. <\/p>\n\n\n\n<p><strong>\u00abY como siempre lo hago, a todos lo que han perdido en esta pandemia a un ser querido, mi solidaridad, mi afecto, mi cari\u00f1o y mi compa\u00f1\u00eda. gracias a todos y todas\u00bb<\/strong>, concluy\u00f3 el presidente Alberto Fern\u00e1ndez.<\/p>\n","protected":false},"excerpt":{"rendered":"<p>El presidente Alberto Fern\u00e1ndez anunci\u00f3 la extensi\u00f3n de la cuarentena por dos semanas m\u00e1s, hasta&#8230;<\/p>\n","protected":false},"author":2,"featured_media":9380,"comment_status":"open","ping_status":"open","sticky":false,"template":"","format":"standard","meta":{"om_disable_all_campaigns":false,"_monsterinsights_skip_tracking":false,"_monsterinsights_sitenote_active":false,"_monsterinsights_sitenote_note":"","_monsterinsights_sitenote_category":0,"_uf_show_specific_survey":0,"_uf_disable_surveys":false,"jetpack_post_was_ever_published":false,"_jetpack_newsletter_access":"","_jetpack_dont_email_post_to_subs":false,"_jetpack_newsletter_tier_id":0,"_jetpack_memberships_contains_paywalled_content":false,"_jetpack_memberships_contains_paid_content":false,"footnotes":"","jetpack_publicize_message":"","jetpack_publicize_feature_enabled":true,"jetpack_social_post_already_shared":false,"jetpack_social_options":{"image_generator_settings":{"template":"highway","default_image_id":0,"font":"","enabled":false},"version":2}},"categories":[7],"tags":[],"class_list":["post-9379","post","type-post","status-publish","format-standard","has-post-thumbnail","hentry","category-nacionales"],"aioseo_notices":[],"views":5,"jetpack_publicize_connections":[],"jetpack_featured_media_url":"https:\/\/i0.wp.com\/elterritorialweb.com.ar\/web\/wp-content\/uploads\/2020\/08\/alberto-14-de-agosto-2.jpg?fit=768%2C432&ssl=1","jetpack_sharing_enabled":true,"_links":{"self":[{"href":"https:\/\/elterritorialweb.com.ar\/web\/wp-json\/wp\/v2\/posts\/9379","targetHints":{"allow":["GET"]}}],"collection":[{"href":"https:\/\/elterritorialweb.com.ar\/web\/wp-json\/wp\/v2\/posts"}],"about":[{"href":"https:\/\/elterritorialweb.com.ar\/web\/wp-json\/wp\/v2\/types\/post"}],"author":[{"embeddable":true,"href":"https:\/\/elterritorialweb.com.ar\/web\/wp-json\/wp\/v2\/users\/2"}],"replies":[{"embeddable":true,"href":"https:\/\/elterritorialweb.com.ar\/web\/wp-json\/wp\/v2\/comments?post=9379"}],"version-history":[{"count":1,"href":"https:\/\/elterritorialweb.com.ar\/web\/wp-json\/wp\/v2\/posts\/9379\/revisions"}],"predecessor-version":[{"id":9381,"href":"https:\/\/elterritorialweb.com.ar\/web\/wp-json\/wp\/v2\/posts\/9379\/revisions\/9381"}],"wp:featuredmedia":[{"embeddable":true,"href":"https:\/\/elterritorialweb.com.ar\/web\/wp-json\/wp\/v2\/media\/9380"}],"wp:attachment":[{"href":"https:\/\/elterritorialweb.com.ar\/web\/wp-json\/wp\/v2\/media?parent=9379"}],"wp:term":[{"taxonomy":"category","embeddable":true,"href":"https:\/\/elterritorialweb.com.ar\/web\/wp-json\/wp\/v2\/categories?post=9379"},{"taxonomy":"post_tag","embeddable":true,"href":"https:\/\/elterritorialweb.com.ar\/web\/wp-json\/wp\/v2\/tags?post=9379"}],"curies":[{"name":"wp","href":"https:\/\/api.w.org\/{rel}","templated":true}]}}