{"id":9382,"date":"2020-08-14T18:48:11","date_gmt":"2020-08-14T18:48:11","guid":{"rendered":"http:\/\/elterritorialweb.com.ar\/web\/?p=9382"},"modified":"2020-08-14T18:48:11","modified_gmt":"2020-08-14T18:48:11","slug":"la-comuna-realiza-control-de-temperatura-corporal-en-los-barrios-de-la-capital","status":"publish","type":"post","link":"https:\/\/elterritorialweb.com.ar\/web\/la-comuna-realiza-control-de-temperatura-corporal-en-los-barrios-de-la-capital\/","title":{"rendered":"LA COMUNA REALIZA CONTROL DE TEMPERATURA CORPORAL EN LOS BARRIOS DE LA CAPITAL"},"content":{"rendered":"\n<p>La Capital lleva adelante control de temperatura corporal en lugares de alta concentraci\u00f3n de personas, con el objetivo de seguir reforzando las medidas preventivas en el contexto de la pandemia del coronavirus.<br>Las tareas son realizadas por el personal de Salud y de Control de Gesti\u00f3n Urbana, con recorridos en las ferias municipales de los barrios Borges, Juan Felipe Ibarra, Jorge Newbery, Tradici\u00f3n Oeste, Ej\u00e9rcito Argentino, Almirante Brown y 8 de Abril.<br>Adem\u00e1s, los agentes municipales controlan que los puestos tengan los elementos de higiene correspondientes, como alcohol en gel. Tambi\u00e9n supervisan que se respete el distanciamiento interpersonal para la atenci\u00f3n al p\u00fablico.<br>Asimismo, se verifica el cumplimiento del protocolo de bioseguridad establecido por las autoridades sanitarias para las actividades comerciales.<br>En este sentido, la subdirectora de Control de Gesti\u00f3n Urbana, Doris Gerez, sostuvo que estas acciones se desarrollan siguiendo las pautas de trabajo indicadas por la intendente, Ing. Norma Fuentes, en los lugares en donde confluye una cantidad importante de vecinos, tal y como se contin\u00faa realizando en la zona centro de la ciudad.<br>Por su parte, el director de Salud, Dr. Antonio Palomo, expres\u00f3 que durante el encuentro con los vecinos y comerciantes, se busca reafirmar la importancia que tiene el autocuidado ya que ello significa, en el contexto de la pandemia, cuidar a los dem\u00e1s.<br>Indic\u00f3 adem\u00e1s que los agentes sanitarios del municipio hacen hincapi\u00e9 a los vecinos en las recomendaciones sanitarias para evitar los contagios, como el lavado frecuente de manos, el distanciamiento social, salir de casa solo para tr\u00e1mites imprescindibles y no participar de reuniones sociales, entre otras.<\/p>\n","protected":false},"excerpt":{"rendered":"<p>La Capital lleva adelante control de temperatura corporal en lugares de alta concentraci\u00f3n de personas,&#8230;<\/p>\n","protected":false},"author":2,"featured_media":9383,"comment_status":"open","ping_status":"open","sticky":false,"template":"","format":"standard","meta":{"om_disable_all_campaigns":false,"_monsterinsights_skip_tracking":false,"_monsterinsights_sitenote_active":false,"_monsterinsights_sitenote_note":"","_monsterinsights_sitenote_category":0,"_uf_show_specific_survey":0,"_uf_disable_surveys":false,"jetpack_post_was_ever_published":false,"_jetpack_newsletter_access":"","_jetpack_dont_email_post_to_subs":false,"_jetpack_newsletter_tier_id":0,"_jetpack_memberships_contains_paywalled_content":false,"_jetpack_memberships_contains_paid_content":false,"footnotes":"","jetpack_publicize_message":"","jetpack_publicize_feature_enabled":true,"jetpack_social_post_already_shared":false,"jetpack_social_options":{"image_generator_settings":{"template":"highway","default_image_id":0,"font":"","enabled":false},"version":2}},"categories":[21],"tags":[],"class_list":["post-9382","post","type-post","status-publish","format-standard","has-post-thumbnail","hentry","category-locales"],"aioseo_notices":[],"views":6,"jetpack_publicize_connections":[],"jetpack_featured_media_url":"https:\/\/i0.wp.com\/elterritorialweb.com.ar\/web\/wp-content\/uploads\/2020\/08\/MUNI-CONTROL-DE-TEMPERATURA.jpg?fit=960%2C536&ssl=1","jetpack_sharing_enabled":true,"_links":{"self":[{"href":"https:\/\/elterritorialweb.com.ar\/web\/wp-json\/wp\/v2\/posts\/9382","targetHints":{"allow":["GET"]}}],"collection":[{"href":"https:\/\/elterritorialweb.com.ar\/web\/wp-json\/wp\/v2\/posts"}],"about":[{"href":"https:\/\/elterritorialweb.com.ar\/web\/wp-json\/wp\/v2\/types\/post"}],"author":[{"embeddable":true,"href":"https:\/\/elterritorialweb.com.ar\/web\/wp-json\/wp\/v2\/users\/2"}],"replies":[{"embeddable":true,"href":"https:\/\/elterritorialweb.com.ar\/web\/wp-json\/wp\/v2\/comments?post=9382"}],"version-history":[{"count":1,"href":"https:\/\/elterritorialweb.com.ar\/web\/wp-json\/wp\/v2\/posts\/9382\/revisions"}],"predecessor-version":[{"id":9384,"href":"https:\/\/elterritorialweb.com.ar\/web\/wp-json\/wp\/v2\/posts\/9382\/revisions\/9384"}],"wp:featuredmedia":[{"embeddable":true,"href":"https:\/\/elterritorialweb.com.ar\/web\/wp-json\/wp\/v2\/media\/9383"}],"wp:attachment":[{"href":"https:\/\/elterritorialweb.com.ar\/web\/wp-json\/wp\/v2\/media?parent=9382"}],"wp:term":[{"taxonomy":"category","embeddable":true,"href":"https:\/\/elterritorialweb.com.ar\/web\/wp-json\/wp\/v2\/categories?post=9382"},{"taxonomy":"post_tag","embeddable":true,"href":"https:\/\/elterritorialweb.com.ar\/web\/wp-json\/wp\/v2\/tags?post=9382"}],"curies":[{"name":"wp","href":"https:\/\/api.w.org\/{rel}","templated":true}]}}