{"id":9385,"date":"2020-08-14T19:26:06","date_gmt":"2020-08-14T19:26:06","guid":{"rendered":"http:\/\/elterritorialweb.com.ar\/web\/?p=9385"},"modified":"2020-08-14T19:26:09","modified_gmt":"2020-08-14T19:26:09","slug":"salud-agradecio-la-importante-donacion-de-la-fundacion-chocota-trejo-para-hacer-frente-al-covid-19","status":"publish","type":"post","link":"https:\/\/elterritorialweb.com.ar\/web\/salud-agradecio-la-importante-donacion-de-la-fundacion-chocota-trejo-para-hacer-frente-al-covid-19\/","title":{"rendered":"SALUD AGRADECI\u00d3 LA IMPORTANTE DONACI\u00d3N DE LA FUNDACI\u00d3N \u00abCHOCOTA TREJO\u00bb PARA HACER FRENTE AL COVID-19"},"content":{"rendered":"\n<p>El Ministerio de Salud de la provincia, recibi\u00f3 de parte de la\u00a0Fundaci\u00f3n\u00a0\u201cChocota Trejo\u201d, una importante donaci\u00f3n de equipos de<br>protecci\u00f3n personal para el personal de salud y otros insumos sanitarios<br>para la lucha contra el COVID-19. Estuvieron en el acto de entrega, la<br>ministra de salud Lic.\u00a0Natividad Nassif, junto a la Dra. Martha Tarchini,<br>directora de Atenci\u00f3n Primaria y el director de Salud Comunitaria,<br>Lic.\u00a0Ramiro Banco, quienes recibieron la donaci\u00f3n por parte de Nara<br>Contreras Trejo, sobrina del futbolista y el asesor legal de la Fundaci\u00f3n,<br>Diego Mercado.<br>El deportista santiague\u00f1o Oscar \u201cChocota\u201d Trejo, ex jugador de Boca y<br>actual mediocampista del Rayo Vallecano de Espa\u00f1a, llev\u00f3 adelante un<br>evento solidario junto a otros deportistas, para recaudar fondos con el fin<br>de que sean destinados para la compra de elementos esenciales.<br>Los representantes de la Fundaci\u00f3n detallaron que se invirti\u00f3 m\u00e1s de<br>medio mill\u00f3n de pesos recaudados en la campa\u00f1a para la compra de lo<br>que hoy se est\u00e1 donando \u201cque son 500 kits sanitarios, cada kit sanitario<br>est\u00e1 compuesto por cofia, camisol\u00edn, barbijos, guantes y cubre calzados,<br>adem\u00e1s 375 m\u00e1scaras y 500 alcoholes, algod\u00f3n y gasas. Elementos<br>imprescindibles en estos momentos de pandemia\u201d.<br>\u201cDe parte de la Fundaci\u00f3n y de toda la familia estamos agradecidos por<br>dejarnos ayudar y queremos felicitar al Ministerio y a todas las<br>autoridades por el trabajo que se est\u00e1 haciendo. Es un gran esfuerzo y se<br>est\u00e1 realizando una gran tarea para cuidar a los santiague\u00f1os\u201d, expres\u00f3<br>Nara Contreras Trejo.<br>Por su parte, la ministra Nassif, agradeci\u00f3 al jugador Chocota Trejo y a los<br>integrantes de su Fundaci\u00f3n y resalt\u00f3 este gesto solidario destacando que<br>\u201ctodos estos elementos imprescindibles tienen como destino fortalecer el<br>equipamiento de los equipos de APS, que es el \u00e1rea que est\u00e1 en territorio<br>y trabaja desde las Upas, las postas sanitarias, cerca de la gente,<br>atendiendo la salud de las familias y generando estrategias de prevenci\u00f3n<br>de Covid-19\u201d.<br>La Dra. Tarchini reconoci\u00f3 que el jugador est\u00e1 siempre atento a lo que<br>sucede en Santiago, su provincia, \u201cy por ello estamos muy agradecidos. La<\/p>\n\n\n\n<p>ropa de protecci\u00f3n y todos estos elementos hoy son de uso estrat\u00e9gico<br>muy necesario para nuestros equipos en territorio\u201d, subray\u00f3.<br>Cabe resaltar que entre los deportistas que se unieron a esta campa\u00f1a<br>iniciada por Chocota Trejo, estuvieron los jugadores de rugby Juan Manuel<br>Leguizam\u00f3n, Facundo Isa y Tom\u00e1s Lezana; los de b\u00e1squet Gabriel Deck,<br>Nicol\u00e1s Aguirre y Enzo Ruiz y los futbolistas Omar P\u00e9rez, Alfredo Moreno,<br>Julio Marchant, Sebasti\u00e1n S\u00e1ez, Francisco Cerro, Jos\u00e9 Luis G\u00f3mez, Exequiel<br>Benav\u00eddez y Enzo Kalinski, todos ellos de Santiago del Estero.<br>Adem\u00e1s, hubo varios exponentes de la m\u00fasica santiague\u00f1a que tambi\u00e9n<br>sumaron su granito de arena a esta noble causa que promovi\u00f3 Trejo,<br>como lo son Daniel Santill\u00e1n, H\u00e9ctor Bravo, Alejandro V\u00e9liz y Jos\u00e9 \u00abNegro\u00bb<br>Monjes.<\/p>\n","protected":false},"excerpt":{"rendered":"<p>MINISTERIO DE SALUD DE LA PROVINCIA DE SANTIAGO DEL ESTERO<\/p>\n","protected":false},"author":2,"featured_media":9386,"comment_status":"open","ping_status":"open","sticky":false,"template":"","format":"standard","meta":{"om_disable_all_campaigns":false,"_monsterinsights_skip_tracking":false,"_monsterinsights_sitenote_active":false,"_monsterinsights_sitenote_note":"","_monsterinsights_sitenote_category":0,"_uf_show_specific_survey":0,"_uf_disable_surveys":false,"jetpack_post_was_ever_published":false,"_jetpack_newsletter_access":"","_jetpack_dont_email_post_to_subs":false,"_jetpack_newsletter_tier_id":0,"_jetpack_memberships_contains_paywalled_content":false,"_jetpack_memberships_contains_paid_content":false,"footnotes":"","jetpack_publicize_message":"","jetpack_publicize_feature_enabled":true,"jetpack_social_post_already_shared":false,"jetpack_social_options":{"image_generator_settings":{"template":"highway","default_image_id":0,"font":"","enabled":false},"version":2}},"categories":[3],"tags":[],"class_list":["post-9385","post","type-post","status-publish","format-standard","has-post-thumbnail","hentry","category-salud"],"aioseo_notices":[],"views":2,"jetpack_publicize_connections":[],"jetpack_featured_media_url":"https:\/\/i0.wp.com\/elterritorialweb.com.ar\/web\/wp-content\/uploads\/2020\/08\/donacion--scaled.jpg?fit=2560%2C1707&ssl=1","jetpack_sharing_enabled":true,"_links":{"self":[{"href":"https:\/\/elterritorialweb.com.ar\/web\/wp-json\/wp\/v2\/posts\/9385","targetHints":{"allow":["GET"]}}],"collection":[{"href":"https:\/\/elterritorialweb.com.ar\/web\/wp-json\/wp\/v2\/posts"}],"about":[{"href":"https:\/\/elterritorialweb.com.ar\/web\/wp-json\/wp\/v2\/types\/post"}],"author":[{"embeddable":true,"href":"https:\/\/elterritorialweb.com.ar\/web\/wp-json\/wp\/v2\/users\/2"}],"replies":[{"embeddable":true,"href":"https:\/\/elterritorialweb.com.ar\/web\/wp-json\/wp\/v2\/comments?post=9385"}],"version-history":[{"count":1,"href":"https:\/\/elterritorialweb.com.ar\/web\/wp-json\/wp\/v2\/posts\/9385\/revisions"}],"predecessor-version":[{"id":9387,"href":"https:\/\/elterritorialweb.com.ar\/web\/wp-json\/wp\/v2\/posts\/9385\/revisions\/9387"}],"wp:featuredmedia":[{"embeddable":true,"href":"https:\/\/elterritorialweb.com.ar\/web\/wp-json\/wp\/v2\/media\/9386"}],"wp:attachment":[{"href":"https:\/\/elterritorialweb.com.ar\/web\/wp-json\/wp\/v2\/media?parent=9385"}],"wp:term":[{"taxonomy":"category","embeddable":true,"href":"https:\/\/elterritorialweb.com.ar\/web\/wp-json\/wp\/v2\/categories?post=9385"},{"taxonomy":"post_tag","embeddable":true,"href":"https:\/\/elterritorialweb.com.ar\/web\/wp-json\/wp\/v2\/tags?post=9385"}],"curies":[{"name":"wp","href":"https:\/\/api.w.org\/{rel}","templated":true}]}}