{"id":9388,"date":"2020-08-14T19:44:38","date_gmt":"2020-08-14T19:44:38","guid":{"rendered":"http:\/\/elterritorialweb.com.ar\/web\/?p=9388"},"modified":"2020-08-14T19:57:03","modified_gmt":"2020-08-14T19:57:03","slug":"hoy-se-conmemora-el-dia-de-la-cultura-friense-en-homenaje-a-la-poetisa-selva-yolanda-ramos","status":"publish","type":"post","link":"https:\/\/elterritorialweb.com.ar\/web\/hoy-se-conmemora-el-dia-de-la-cultura-friense-en-homenaje-a-la-poetisa-selva-yolanda-ramos\/","title":{"rendered":"HOY SE CONMEMORA EL D\u00cdA DE LA CULTURA FRIENSE EN HOMENAJE A LA POETISA SELVA YOLANDA RAMOS"},"content":{"rendered":"\n<p>Hoy <strong>14 de agosto<\/strong>, se conmemora el <strong>d\u00eda de la Cultura Friense<\/strong>, en homenaje al fallecimiento de la poetisa <strong>Selva Yolanda \u00abPocha\u00bb Ramos<\/strong>. <\/p>\n\n\n\n<p><strong>Selva Yolanda Ramos<\/strong>\u00a0fue una <strong>poetisa, docente y conferencista<\/strong> <strong>nacida<\/strong> en la ciudad de\u00a0<strong>Frias\u00a0el 9 de abril de 1935<\/strong> y <strong>fallecida<\/strong> en la misma ciudad el <strong>14 de agosto de 2005<\/strong>.<\/p>\n\n\n\n<p>Su obra fue publicada en revistas de \u00e9sta y otras provincias. Diarios como\u00a0\u201cEl Liberal\u00bb y \u201cLa Calle\u201d de la ciudad de Santiago del Estero; el \u201cIndependiente\u201d y \u201cEl Sol\u201d de la ciudad de la Rioja; en la \u201cUni\u00f3n\u201d de Catamarca y en \u201cLa Raz\u00f3n\u201d de Buenos Aires, difundieron su producci\u00f3n po\u00e9tica, que tambi\u00e9n se edit\u00f3 en plaquetas.<\/p>\n\n\n\n<p>Fue incluida en numerosas antolog\u00edas como \u201cSantiago, poes\u00eda 69\u201d, \u201cAntolog\u00eda de poetas santiague\u00f1os\u201d, \u201cSelecci\u00f3n de poes\u00eda santiague\u00f1a actual\u201d, Argentina 24\u201c.<\/p>\n\n\n\n<p>Como trabajadora de la cultura, cre\u00f3 y organiz\u00f3 los \u201cEncuentros nacionales de Poetas\u201d en Fr\u00edas (1972-1973-1991); fue Presidente del Tribunal de disciplina del Consejo General de Educaci\u00f3n. Recibi\u00f3 numerosos premios. El 16 de junio de 2000 el Honorable Concejo Deliberante de Fr\u00edas la declar\u00f3 \u201cCiudadana Ilustre\u201d.<\/p>\n\n\n\n<p>En su homenaje se estableci\u00f3 el\u00a0<strong>14 de agosto<\/strong>\u00a0como el\u00a0<strong><em>D\u00eda de la Cultura Friense<\/em>.<\/strong><br>El poema \u201cS\u00e1lvame el \u00e1ngel\u201d fue musicalizado por\u00a0Mario \u00c1lvarez Quiroga.<\/p>\n\n\n\n<p><strong>Algunas de sus obras:<\/strong><\/p>\n\n\n\n<ul class=\"wp-block-list\"><li>Cimas y Simas (1970)<\/li><li>Sangre a la intemperie (1995)<\/li><li>La gota de agua (2007)<\/li><\/ul>\n\n\n\n<h4 class=\"wp-block-heading\" id=\"sala-de-lectura-y-centro-cultural\">Sala de Lectura y Centro Cultural<\/h4>\n\n\n\n<p>El <strong>25 de Agosto de 2007<\/strong> se <strong>inaugur\u00f3<\/strong> <strong>la Sala de Lectura y Centro Cultural \u201cSelva Yolanda Ramos\u201d<\/strong> en lo que fuera <strong>su casa paterna<\/strong>. La Sala naci\u00f3 con la iniciativa de rendirle un permanente homenaje a la lucha diaria de \u201cPocha\u201d por la cultura y la justicia social y como espacio de identidad friense.<\/p>\n\n\n\n<figure class=\"wp-block-image size-large\"><img data-recalc-dims=\"1\" decoding=\"async\" width=\"299\" height=\"169\" data-src=\"https:\/\/i0.wp.com\/elterritorialweb.com.ar\/web\/wp-content\/uploads\/2020\/08\/casa-pocha-ramos.jpg?resize=299%2C169\" alt=\"\" class=\"wp-image-9392 lazyload\" src=\"data:image\/svg+xml;base64,PHN2ZyB3aWR0aD0iMSIgaGVpZ2h0PSIxIiB4bWxucz0iaHR0cDovL3d3dy53My5vcmcvMjAwMC9zdmciPjwvc3ZnPg==\" style=\"--smush-placeholder-width: 299px; --smush-placeholder-aspect-ratio: 299\/169;\" \/><\/figure>\n","protected":false},"excerpt":{"rendered":"<p>Hoy 14 de agosto, se conmemora el d\u00eda de la Cultura Friense, en homenaje al&#8230;<\/p>\n","protected":false},"author":2,"featured_media":9389,"comment_status":"open","ping_status":"open","sticky":false,"template":"","format":"standard","meta":{"om_disable_all_campaigns":false,"_monsterinsights_skip_tracking":false,"_monsterinsights_sitenote_active":false,"_monsterinsights_sitenote_note":"","_monsterinsights_sitenote_category":0,"_uf_show_specific_survey":0,"_uf_disable_surveys":false,"jetpack_post_was_ever_published":false,"_jetpack_newsletter_access":"","_jetpack_dont_email_post_to_subs":false,"_jetpack_newsletter_tier_id":0,"_jetpack_memberships_contains_paywalled_content":false,"_jetpack_memberships_contains_paid_content":false,"footnotes":"","jetpack_publicize_message":"","jetpack_publicize_feature_enabled":true,"jetpack_social_post_already_shared":false,"jetpack_social_options":{"image_generator_settings":{"template":"highway","default_image_id":0,"font":"","enabled":false},"version":2}},"categories":[19],"tags":[],"class_list":["post-9388","post","type-post","status-publish","format-standard","has-post-thumbnail","hentry","category-educacion"],"aioseo_notices":[],"views":259,"jetpack_publicize_connections":[],"jetpack_featured_media_url":"https:\/\/i0.wp.com\/elterritorialweb.com.ar\/web\/wp-content\/uploads\/2020\/08\/POCHA-RAMOS.jpg?fit=259%2C194&ssl=1","jetpack_sharing_enabled":true,"_links":{"self":[{"href":"https:\/\/elterritorialweb.com.ar\/web\/wp-json\/wp\/v2\/posts\/9388","targetHints":{"allow":["GET"]}}],"collection":[{"href":"https:\/\/elterritorialweb.com.ar\/web\/wp-json\/wp\/v2\/posts"}],"about":[{"href":"https:\/\/elterritorialweb.com.ar\/web\/wp-json\/wp\/v2\/types\/post"}],"author":[{"embeddable":true,"href":"https:\/\/elterritorialweb.com.ar\/web\/wp-json\/wp\/v2\/users\/2"}],"replies":[{"embeddable":true,"href":"https:\/\/elterritorialweb.com.ar\/web\/wp-json\/wp\/v2\/comments?post=9388"}],"version-history":[{"count":3,"href":"https:\/\/elterritorialweb.com.ar\/web\/wp-json\/wp\/v2\/posts\/9388\/revisions"}],"predecessor-version":[{"id":9393,"href":"https:\/\/elterritorialweb.com.ar\/web\/wp-json\/wp\/v2\/posts\/9388\/revisions\/9393"}],"wp:featuredmedia":[{"embeddable":true,"href":"https:\/\/elterritorialweb.com.ar\/web\/wp-json\/wp\/v2\/media\/9389"}],"wp:attachment":[{"href":"https:\/\/elterritorialweb.com.ar\/web\/wp-json\/wp\/v2\/media?parent=9388"}],"wp:term":[{"taxonomy":"category","embeddable":true,"href":"https:\/\/elterritorialweb.com.ar\/web\/wp-json\/wp\/v2\/categories?post=9388"},{"taxonomy":"post_tag","embeddable":true,"href":"https:\/\/elterritorialweb.com.ar\/web\/wp-json\/wp\/v2\/tags?post=9388"}],"curies":[{"name":"wp","href":"https:\/\/api.w.org\/{rel}","templated":true}]}}