{"id":9398,"date":"2020-08-14T21:25:47","date_gmt":"2020-08-14T21:25:47","guid":{"rendered":"http:\/\/elterritorialweb.com.ar\/web\/?p=9398"},"modified":"2020-08-14T21:25:47","modified_gmt":"2020-08-14T21:25:47","slug":"la-banda-reducen-el-horario-de-recoleccion-de-residuos-domiciliarios","status":"publish","type":"post","link":"https:\/\/elterritorialweb.com.ar\/web\/la-banda-reducen-el-horario-de-recoleccion-de-residuos-domiciliarios\/","title":{"rendered":"LA BANDA: REDUCEN EL HORARIO DE RECOLECCI\u00d3N DE RESIDUOS DOMICILIARIOS"},"content":{"rendered":"\n<p>La Secretar\u00eda de Servicios P\u00fablicos de la Municipalidad de La Banda, informa que ante las nuevas restricciones para evitar la propagaci\u00f3n del virus Covid &#8211; 19 en el departamento Banda, el servicio de recolecci\u00f3n de residuos domiciliarios, barrido y limpieza de contenedores se realizar\u00e1 en forma reducida en todos los barrios.<\/p>\n\n\n\n<p>En este sentido, se indic\u00f3 que el servicio de recolecci\u00f3n de residuos domiciliarios comenzar\u00e1 en todos los obradores a partir de las 11. En cuanto a las tareas de barrido, recolecci\u00f3n de ramas y limpieza de contenedores se realizar\u00e1 de 11 a 14 para que los empleados puedan volver a sus hogares en el horario de circulaci\u00f3n permitido.<\/p>\n\n\n\n<p>Teniendo en cuenta esta circunstancia, las autoridades del \u00e1rea solicitaron a los vecinos actuar con responsabilidad, sacar sus residuos en los d\u00edas y horarios establecidos para cada sector y no arrojar restos de poda ni escombros en las calles o bald\u00edos<\/p>\n","protected":false},"excerpt":{"rendered":"<p>MUNICIPALIDAD DE LA BANDA<\/p>\n","protected":false},"author":2,"featured_media":9399,"comment_status":"open","ping_status":"open","sticky":false,"template":"","format":"standard","meta":{"om_disable_all_campaigns":false,"_monsterinsights_skip_tracking":false,"_monsterinsights_sitenote_active":false,"_monsterinsights_sitenote_note":"","_monsterinsights_sitenote_category":0,"_uf_show_specific_survey":0,"_uf_disable_surveys":false,"jetpack_post_was_ever_published":false,"_jetpack_newsletter_access":"","_jetpack_dont_email_post_to_subs":false,"_jetpack_newsletter_tier_id":0,"_jetpack_memberships_contains_paywalled_content":false,"_jetpack_memberships_contains_paid_content":false,"footnotes":"","jetpack_publicize_message":"","jetpack_publicize_feature_enabled":true,"jetpack_social_post_already_shared":false,"jetpack_social_options":{"image_generator_settings":{"template":"highway","default_image_id":0,"font":"","enabled":false},"version":2}},"categories":[21],"tags":[],"class_list":["post-9398","post","type-post","status-publish","format-standard","has-post-thumbnail","hentry","category-locales"],"aioseo_notices":[],"views":6,"jetpack_publicize_connections":[],"jetpack_featured_media_url":"https:\/\/i0.wp.com\/elterritorialweb.com.ar\/web\/wp-content\/uploads\/2020\/08\/LA-BANDA-BASURA.jpg?fit=918%2C523&ssl=1","jetpack_sharing_enabled":true,"_links":{"self":[{"href":"https:\/\/elterritorialweb.com.ar\/web\/wp-json\/wp\/v2\/posts\/9398","targetHints":{"allow":["GET"]}}],"collection":[{"href":"https:\/\/elterritorialweb.com.ar\/web\/wp-json\/wp\/v2\/posts"}],"about":[{"href":"https:\/\/elterritorialweb.com.ar\/web\/wp-json\/wp\/v2\/types\/post"}],"author":[{"embeddable":true,"href":"https:\/\/elterritorialweb.com.ar\/web\/wp-json\/wp\/v2\/users\/2"}],"replies":[{"embeddable":true,"href":"https:\/\/elterritorialweb.com.ar\/web\/wp-json\/wp\/v2\/comments?post=9398"}],"version-history":[{"count":1,"href":"https:\/\/elterritorialweb.com.ar\/web\/wp-json\/wp\/v2\/posts\/9398\/revisions"}],"predecessor-version":[{"id":9400,"href":"https:\/\/elterritorialweb.com.ar\/web\/wp-json\/wp\/v2\/posts\/9398\/revisions\/9400"}],"wp:featuredmedia":[{"embeddable":true,"href":"https:\/\/elterritorialweb.com.ar\/web\/wp-json\/wp\/v2\/media\/9399"}],"wp:attachment":[{"href":"https:\/\/elterritorialweb.com.ar\/web\/wp-json\/wp\/v2\/media?parent=9398"}],"wp:term":[{"taxonomy":"category","embeddable":true,"href":"https:\/\/elterritorialweb.com.ar\/web\/wp-json\/wp\/v2\/categories?post=9398"},{"taxonomy":"post_tag","embeddable":true,"href":"https:\/\/elterritorialweb.com.ar\/web\/wp-json\/wp\/v2\/tags?post=9398"}],"curies":[{"name":"wp","href":"https:\/\/api.w.org\/{rel}","templated":true}]}}