{"id":9401,"date":"2020-08-14T21:50:41","date_gmt":"2020-08-14T21:50:41","guid":{"rendered":"http:\/\/elterritorialweb.com.ar\/web\/?p=9401"},"modified":"2020-08-14T21:51:28","modified_gmt":"2020-08-14T21:51:28","slug":"zamora-estamos-analizando-las-posibles-medidas-a-tomar","status":"publish","type":"post","link":"https:\/\/elterritorialweb.com.ar\/web\/zamora-estamos-analizando-las-posibles-medidas-a-tomar\/","title":{"rendered":"ZAMORA: \u00abESTAMOS ANALIZANDO LAS POSIBLES MEDIDAS A TOMAR\u00bb"},"content":{"rendered":"\n<p>Luego de que el presidente<strong>\u00a0Alberto Fern\u00e1ndez<\/strong>\u00a0anunciar\u00e1 este viernes al mediod\u00eda c\u00f3mo seguir\u00e1 el\u00a0<strong>aislamiento social, preventivo y obligatorio<\/strong>\u00a0(ASPO) en el pa\u00eds, el gobernador de Santiago del Estero,\u00a0<strong>Gerardo Zamora<\/strong>, se refiri\u00f3 a la situaci\u00f3n en<strong>\u00a0Capital y La Banda<\/strong>.<\/p>\n\n\n\n<p><em><strong>\u00abC\u00f3mo ya lo adelantara hoy el Presidente de la Naci\u00f3n, nuestra provincia ( espec\u00edficamente los Departamentos Capital y Banda) se incluir\u00e1 en el decreto presidencial junto a otras determinadas como Fase 1, algo que establece el Ministerio de Salud de la Naci\u00f3n, cuando la tasa de duplicaci\u00f3n de casos se encuentra debajo de los 15 d\u00edas; y es de p\u00fablico conocimiento, que en los \u00faltimos diez d\u00edas, hemos superando ampliamente esa barrera; lo que pone a nuestras\u00a0dos principales ciudades en una zona roja en el mapa nacional, con serias posibilidades de que la situaci\u00f3n actual pueda derivar en una curva creciente de contagios del Covid-19 con graves consecuencias. Y eso es algo que tenemos la obligaci\u00f3n de evitar, en el marco de esta pandemia\u00bb.<\/strong><\/em><\/p>\n\n\n\n<p><em>\u00ab<strong>Quiero expresarles que estamos analizando las posibles medidas a tomar, las que dar\u00e9 a conocer reci\u00e9n en las primeras horas del d\u00eda Domingo, cuando podamos contar con mayores datos sobre los resultados de las acciones que ya hemos venido tomando en estos \u00faltimos d\u00edas\u00bb<\/strong>.<\/em><\/p>\n\n\n\n<p><\/p>\n","protected":false},"excerpt":{"rendered":"<p>Luego de que el presidente\u00a0Alberto Fern\u00e1ndez\u00a0anunciar\u00e1 este viernes al mediod\u00eda c\u00f3mo seguir\u00e1 el\u00a0aislamiento social, preventivo&#8230;<\/p>\n","protected":false},"author":2,"featured_media":9323,"comment_status":"open","ping_status":"open","sticky":false,"template":"","format":"standard","meta":{"om_disable_all_campaigns":false,"_monsterinsights_skip_tracking":false,"_monsterinsights_sitenote_active":false,"_monsterinsights_sitenote_note":"","_monsterinsights_sitenote_category":0,"_uf_show_specific_survey":0,"_uf_disable_surveys":false,"jetpack_post_was_ever_published":false,"_jetpack_newsletter_access":"","_jetpack_dont_email_post_to_subs":false,"_jetpack_newsletter_tier_id":0,"_jetpack_memberships_contains_paywalled_content":false,"_jetpack_memberships_contains_paid_content":false,"footnotes":"","jetpack_publicize_message":"","jetpack_publicize_feature_enabled":true,"jetpack_social_post_already_shared":false,"jetpack_social_options":{"image_generator_settings":{"template":"highway","default_image_id":0,"font":"","enabled":false},"version":2}},"categories":[21],"tags":[],"class_list":["post-9401","post","type-post","status-publish","format-standard","has-post-thumbnail","hentry","category-locales"],"aioseo_notices":[],"views":5,"jetpack_publicize_connections":[],"jetpack_featured_media_url":"https:\/\/i0.wp.com\/elterritorialweb.com.ar\/web\/wp-content\/uploads\/2020\/08\/ZAMORA-DE-8-A-15.jpg?fit=960%2C640&ssl=1","jetpack_sharing_enabled":true,"_links":{"self":[{"href":"https:\/\/elterritorialweb.com.ar\/web\/wp-json\/wp\/v2\/posts\/9401","targetHints":{"allow":["GET"]}}],"collection":[{"href":"https:\/\/elterritorialweb.com.ar\/web\/wp-json\/wp\/v2\/posts"}],"about":[{"href":"https:\/\/elterritorialweb.com.ar\/web\/wp-json\/wp\/v2\/types\/post"}],"author":[{"embeddable":true,"href":"https:\/\/elterritorialweb.com.ar\/web\/wp-json\/wp\/v2\/users\/2"}],"replies":[{"embeddable":true,"href":"https:\/\/elterritorialweb.com.ar\/web\/wp-json\/wp\/v2\/comments?post=9401"}],"version-history":[{"count":2,"href":"https:\/\/elterritorialweb.com.ar\/web\/wp-json\/wp\/v2\/posts\/9401\/revisions"}],"predecessor-version":[{"id":9403,"href":"https:\/\/elterritorialweb.com.ar\/web\/wp-json\/wp\/v2\/posts\/9401\/revisions\/9403"}],"wp:featuredmedia":[{"embeddable":true,"href":"https:\/\/elterritorialweb.com.ar\/web\/wp-json\/wp\/v2\/media\/9323"}],"wp:attachment":[{"href":"https:\/\/elterritorialweb.com.ar\/web\/wp-json\/wp\/v2\/media?parent=9401"}],"wp:term":[{"taxonomy":"category","embeddable":true,"href":"https:\/\/elterritorialweb.com.ar\/web\/wp-json\/wp\/v2\/categories?post=9401"},{"taxonomy":"post_tag","embeddable":true,"href":"https:\/\/elterritorialweb.com.ar\/web\/wp-json\/wp\/v2\/tags?post=9401"}],"curies":[{"name":"wp","href":"https:\/\/api.w.org\/{rel}","templated":true}]}}