{"id":9412,"date":"2020-08-14T23:27:58","date_gmt":"2020-08-14T23:27:58","guid":{"rendered":"http:\/\/elterritorialweb.com.ar\/web\/?p=9412"},"modified":"2020-08-14T23:27:59","modified_gmt":"2020-08-14T23:27:59","slug":"anses-aumentaran-un-75-las-jubilaciones-y-pensiones-en-septiembre","status":"publish","type":"post","link":"https:\/\/elterritorialweb.com.ar\/web\/anses-aumentaran-un-75-las-jubilaciones-y-pensiones-en-septiembre\/","title":{"rendered":"ANSES: AUMENTARAN UN 7,5 % LAS JUBILACIONES Y PENSIONES EN SEPTIEMBRE"},"content":{"rendered":"\n<p>La\u00a0<strong>Administraci\u00f3n Nacional de la Seguridad Social (Anses<\/strong>) inform\u00f3 este viernes que en septiembre se aplicar\u00e1\u00a0un aumento de 7,5 % para las jubilaciones y pensiones, el que ser\u00e1 otorgado por decreto, tal como sucedi\u00f3 en marzo y junio. En base a esta decisi\u00f3n, el incremento acumulado en lo que va del a\u00f1o ser\u00e1 del 28,9% para las jubilaciones y pensiones mas bajas.<\/p>\n\n\n\n<p>\u201cEsto significa que en el primer semestre de 2020 el haber m\u00ednimo auument\u00f3, en terminos reales, un 5,5 %, recuperando as\u00ed parte de la p\u00e9rdida producida entre septiembre de 2017 y diciembre de 2019 de un 19,5%\u201d, destac\u00f3 el organismo que conduce\u00a0<strong>Fernanda Raverta<\/strong>.<\/p>\n\n\n\n<p>Se\u00f1al\u00f3 que con este incremento, alrededor del 85% de los jubilados y pensionados tendr\u00e1n aumentos en sus haberes por encima de la inflaci\u00f3n.<\/p>\n\n\n\n<p>Asimismo, a\u00f1adi\u00f3 que tambi\u00e9n se ven alcanzadas por esta suba las&nbsp;<strong>Pensiones No Contributivas (PNC), la Asignaci\u00f3n Universal por Hijo (AUH), la Asignaci\u00f3n Universal por Embarazo (AUE)&nbsp;<\/strong>y las asignaciones familiares.<\/p>\n","protected":false},"excerpt":{"rendered":"<p>ANSES<\/p>\n","protected":false},"author":2,"featured_media":9413,"comment_status":"open","ping_status":"open","sticky":false,"template":"","format":"standard","meta":{"om_disable_all_campaigns":false,"_monsterinsights_skip_tracking":false,"_monsterinsights_sitenote_active":false,"_monsterinsights_sitenote_note":"","_monsterinsights_sitenote_category":0,"_uf_show_specific_survey":0,"_uf_disable_surveys":false,"jetpack_post_was_ever_published":false,"_jetpack_newsletter_access":"","_jetpack_dont_email_post_to_subs":false,"_jetpack_newsletter_tier_id":0,"_jetpack_memberships_contains_paywalled_content":false,"_jetpack_memberships_contains_paid_content":false,"footnotes":"","jetpack_publicize_message":"","jetpack_publicize_feature_enabled":true,"jetpack_social_post_already_shared":false,"jetpack_social_options":{"image_generator_settings":{"template":"highway","default_image_id":0,"font":"","enabled":false},"version":2}},"categories":[2],"tags":[],"class_list":["post-9412","post","type-post","status-publish","format-standard","has-post-thumbnail","hentry","category-economia"],"aioseo_notices":[],"views":8,"jetpack_publicize_connections":[],"jetpack_featured_media_url":"https:\/\/i0.wp.com\/elterritorialweb.com.ar\/web\/wp-content\/uploads\/2020\/08\/JUBILADOS-1.jpg?fit=306%2C165&ssl=1","jetpack_sharing_enabled":true,"_links":{"self":[{"href":"https:\/\/elterritorialweb.com.ar\/web\/wp-json\/wp\/v2\/posts\/9412","targetHints":{"allow":["GET"]}}],"collection":[{"href":"https:\/\/elterritorialweb.com.ar\/web\/wp-json\/wp\/v2\/posts"}],"about":[{"href":"https:\/\/elterritorialweb.com.ar\/web\/wp-json\/wp\/v2\/types\/post"}],"author":[{"embeddable":true,"href":"https:\/\/elterritorialweb.com.ar\/web\/wp-json\/wp\/v2\/users\/2"}],"replies":[{"embeddable":true,"href":"https:\/\/elterritorialweb.com.ar\/web\/wp-json\/wp\/v2\/comments?post=9412"}],"version-history":[{"count":1,"href":"https:\/\/elterritorialweb.com.ar\/web\/wp-json\/wp\/v2\/posts\/9412\/revisions"}],"predecessor-version":[{"id":9414,"href":"https:\/\/elterritorialweb.com.ar\/web\/wp-json\/wp\/v2\/posts\/9412\/revisions\/9414"}],"wp:featuredmedia":[{"embeddable":true,"href":"https:\/\/elterritorialweb.com.ar\/web\/wp-json\/wp\/v2\/media\/9413"}],"wp:attachment":[{"href":"https:\/\/elterritorialweb.com.ar\/web\/wp-json\/wp\/v2\/media?parent=9412"}],"wp:term":[{"taxonomy":"category","embeddable":true,"href":"https:\/\/elterritorialweb.com.ar\/web\/wp-json\/wp\/v2\/categories?post=9412"},{"taxonomy":"post_tag","embeddable":true,"href":"https:\/\/elterritorialweb.com.ar\/web\/wp-json\/wp\/v2\/tags?post=9412"}],"curies":[{"name":"wp","href":"https:\/\/api.w.org\/{rel}","templated":true}]}}