{"id":9415,"date":"2020-08-14T23:38:38","date_gmt":"2020-08-14T23:38:38","guid":{"rendered":"http:\/\/elterritorialweb.com.ar\/web\/?p=9415"},"modified":"2020-08-14T23:38:39","modified_gmt":"2020-08-14T23:38:39","slug":"6-365-nuevos-casos-de-covid-19-en-24-horas-con-un-total-de-282-437-infectados-en-el-pais","status":"publish","type":"post","link":"https:\/\/elterritorialweb.com.ar\/web\/6-365-nuevos-casos-de-covid-19-en-24-horas-con-un-total-de-282-437-infectados-en-el-pais\/","title":{"rendered":"6.365 NUEVOS CASOS DE COVID-19 EN 24 HORAS, CON UN TOTAL DE 282.437 INFECTADOS EN EL PA\u00cdS"},"content":{"rendered":"\n<p>Otras 165 personas murieron y 6.365 fueron diagnosticados con coronavirus en las \u00faltimas 24 horas en la Argentina, con lo que suman 5.527 los fallecidos y 282.437 los contagiados desde el inicio de la pandemia, inform\u00f3 hoy el Ministerio de Salud.<\/p>\n\n\n\n<p>La cartera sanitaria indic\u00f3 que son 1.718 los internados en unidades de terapia intensiva, con un porcentaje de ocupaci\u00f3n de camas de adultos de 58,9% en el pa\u00eds y del 68,6% en la \u00c1rea Metropolitana Buenos Aires (AMBA).<\/p>\n\n\n\n<p>Un 81,20% (5.169 personas) de los infectados de hoy (6.365) corresponden a la Ciudad y a la provincia de Buenos Aires.<\/p>\n\n\n\n<p>El reporte vespertino consign\u00f3 que murieron 58 hombres, 31 residentes en la provincia de Buenos Aires; 17 en la Ciudad de Buenos Aires (CABA); 2 en Entre R\u00edos; 2 en Mendoza; 3 en R\u00edo Negro; 1 en Salta y 2 en Tierra del Fuego; y 41 mujeres; 25 residentes en la provincia de Buenos Aires; 11 en la Ciudad de Buenos Aires; 3 en R\u00edo Negro; 1 en Santa Fe y 1 en Tierra del Fuego.<\/p>\n\n\n\n<p>El parte matutino inform\u00f3 que fallecieron 38 hombres, 19 residentes en la provincia de Buenos Aires; 3 en la Ciudad de Buenos Aires; 14 en Jujuy; 1 en Salta y 1 en C\u00f3rdoba; y 28 mujeres; 13 residentes en la provincia de Buenos Aires; 7 en la Ciudad de Buenos Aires; 7 en Jujuy y 1 en Neuqu\u00e9n.<\/p>\n\n\n\n<p>Del total de esos casos, 1.148 (0,4%) son importados, 72.902 (25,8%) son contactos estrechos de casos confirmados, 168.252 (59,6%) son casos de circulaci\u00f3n comunitaria y el resto se encuentra en investigaci\u00f3n epidemiol\u00f3gica.<\/p>\n\n\n\n<p>Hoy se registraron en la provincia de Buenos Aires 4.157 casos; en la Ciudad de Buenos Aires, 1.012; Chaco, 49; Chubut, 6; en C\u00f3rdoba, 144; en Corrientes, 1; Entre R\u00edos, 100; en Jujuy, 133; en La Pampa, 1; La Rioja, 22; en Mendoza, 165; en Misiones, 1; Neuqu\u00e9n, 16; en R\u00edo Negro, 118; en Salta, 106; en San Luis, 1; en Santa Cruz, 40; en Santa Fe, 190; en Santiago del Estero, 24; Tierra del Fuego, 48; y en Tucum\u00e1n 32.<\/p>\n\n\n\n<p>En tanto, Catamarca y Formosa no reportaron casos positivos, mientras que San Juan (-1) mostr\u00f3 n\u00fameros negativos porque reclasific\u00f3 un contagio a otra jurisdicci\u00f3n.<\/p>\n\n\n\n<p>El total de acumulados por jurisdicci\u00f3n indica que la provincia de Buenos Aires suma 175.538 casos; la Ciudad de Buenos Aires, 75.604; Catamarca, 63; Chaco, 4.328; Chubut, 390; C\u00f3rdoba, 4.290; Corrientes, 223; Entre R\u00edos, 1.465; Formosa, 78; Jujuy, 4.336; La Pampa, 182; La Rioja, 661; Mendoza, 2.910; Misiones, 56; Neuqu\u00e9n, 1.735; R\u00edo Negro, 3.653; Salta, 930; San Juan, 22; San Luis, 34; Santa Cruz, 954; Santa Fe, 2.954; Santiago del Estero, 223; Tierra del Fuego, 1.274; y Tucum\u00e1n, 534.<\/p>\n\n\n\n<p>Adem\u00e1s, se incluyen, en Tierra del Fuego, 13 casos en las Islas Malvinas, seg\u00fan informaci\u00f3n de prensa debido a que por la ocupaci\u00f3n ilegal del Reino Unido, Gran Breta\u00f1a e Irlanda del Norte no es posible contar con informaci\u00f3n propia sobre el impacto de la Covid-19 en esa parte del territorio argentino.<\/p>\n","protected":false},"excerpt":{"rendered":"<p>INFORME DEL MINISTERIO DE SALUD DE LA NACI\u00d3N<\/p>\n","protected":false},"author":2,"featured_media":9416,"comment_status":"open","ping_status":"open","sticky":false,"template":"","format":"standard","meta":{"om_disable_all_campaigns":false,"_monsterinsights_skip_tracking":false,"_monsterinsights_sitenote_active":false,"_monsterinsights_sitenote_note":"","_monsterinsights_sitenote_category":0,"_uf_show_specific_survey":0,"_uf_disable_surveys":false,"jetpack_post_was_ever_published":false,"_jetpack_newsletter_access":"","_jetpack_dont_email_post_to_subs":false,"_jetpack_newsletter_tier_id":0,"_jetpack_memberships_contains_paywalled_content":false,"_jetpack_memberships_contains_paid_content":false,"footnotes":"","jetpack_publicize_message":"","jetpack_publicize_feature_enabled":true,"jetpack_social_post_already_shared":false,"jetpack_social_options":{"image_generator_settings":{"template":"highway","default_image_id":0,"font":"","enabled":false},"version":2}},"categories":[3],"tags":[],"class_list":["post-9415","post","type-post","status-publish","format-standard","has-post-thumbnail","hentry","category-salud"],"aioseo_notices":[],"views":6,"jetpack_publicize_connections":[],"jetpack_featured_media_url":"https:\/\/i0.wp.com\/elterritorialweb.com.ar\/web\/wp-content\/uploads\/2020\/08\/NUEVOS-CASOS-14-DE-AGOSTO.jpg?fit=850%2C567&ssl=1","jetpack_sharing_enabled":true,"_links":{"self":[{"href":"https:\/\/elterritorialweb.com.ar\/web\/wp-json\/wp\/v2\/posts\/9415","targetHints":{"allow":["GET"]}}],"collection":[{"href":"https:\/\/elterritorialweb.com.ar\/web\/wp-json\/wp\/v2\/posts"}],"about":[{"href":"https:\/\/elterritorialweb.com.ar\/web\/wp-json\/wp\/v2\/types\/post"}],"author":[{"embeddable":true,"href":"https:\/\/elterritorialweb.com.ar\/web\/wp-json\/wp\/v2\/users\/2"}],"replies":[{"embeddable":true,"href":"https:\/\/elterritorialweb.com.ar\/web\/wp-json\/wp\/v2\/comments?post=9415"}],"version-history":[{"count":1,"href":"https:\/\/elterritorialweb.com.ar\/web\/wp-json\/wp\/v2\/posts\/9415\/revisions"}],"predecessor-version":[{"id":9417,"href":"https:\/\/elterritorialweb.com.ar\/web\/wp-json\/wp\/v2\/posts\/9415\/revisions\/9417"}],"wp:featuredmedia":[{"embeddable":true,"href":"https:\/\/elterritorialweb.com.ar\/web\/wp-json\/wp\/v2\/media\/9416"}],"wp:attachment":[{"href":"https:\/\/elterritorialweb.com.ar\/web\/wp-json\/wp\/v2\/media?parent=9415"}],"wp:term":[{"taxonomy":"category","embeddable":true,"href":"https:\/\/elterritorialweb.com.ar\/web\/wp-json\/wp\/v2\/categories?post=9415"},{"taxonomy":"post_tag","embeddable":true,"href":"https:\/\/elterritorialweb.com.ar\/web\/wp-json\/wp\/v2\/tags?post=9415"}],"curies":[{"name":"wp","href":"https:\/\/api.w.org\/{rel}","templated":true}]}}