{"id":9418,"date":"2020-08-15T00:51:01","date_gmt":"2020-08-15T00:51:01","guid":{"rendered":"http:\/\/elterritorialweb.com.ar\/web\/?p=9418"},"modified":"2020-08-15T18:27:01","modified_gmt":"2020-08-15T18:27:01","slug":"reporte-diario-de-covid-19-en-santiago-se-confirmaron-26-nuevos-casos-positivos-en-la-provincia","status":"publish","type":"post","link":"https:\/\/elterritorialweb.com.ar\/web\/reporte-diario-de-covid-19-en-santiago-se-confirmaron-26-nuevos-casos-positivos-en-la-provincia\/","title":{"rendered":"REPORTE DIARIO DE COVID-19 EN SANTIAGO: SE CONFIRMARON 26 NUEVOS CASOS POSITIVOS EN LA PROVINCIA"},"content":{"rendered":"\n<p>El mandatario provincial adelanto los datos de confirmados casos positivos en la provincia.<\/p>\n\n\n\n<p><em>\u00abAdelanto los datos de hoy (el ministerio de salud har\u00e1 el informe pormenorizado)\u00bb.<br>\u00abSe confirmaron 26 casos positivos ( 19 corresponden a Capital y Banda de contactos estrechos con anteriores positivos; 4 corresponden a una sola familia de Suncho Corral; 2 de la ciudad de Bandera y 1 (uno) de San Pedro de Guasayan\u00bb<br>Fueron 464 las muestras analizadas; y el total acumulado a la fecha es de 249 casos confirmados desde que comenz\u00f3 la pandemia\u00bb.<\/em><\/p>\n\n\n\n<iframe data-src=\"https:\/\/www.facebook.com\/plugins\/post.php?href=https%3A%2F%2Fwww.facebook.com%2FzamoraSDE%2Fposts%2F3049079618545272&amp;width=500\" width=\"500\" height=\"312\" style=\"border:none;overflow:hidden\" scrolling=\"no\" frameborder=\"0\" allowtransparency=\"true\" allow=\"encrypted-media\" src=\"data:image\/svg+xml;base64,PHN2ZyB3aWR0aD0iMSIgaGVpZ2h0PSIxIiB4bWxucz0iaHR0cDovL3d3dy53My5vcmcvMjAwMC9zdmciPjwvc3ZnPg==\" class=\"lazyload\" data-load-mode=\"1\"><\/iframe>\n\n\n\n<p><strong>INFORME DEL MINISTERIO DE SALUD <\/strong><\/p>\n\n\n\n<p>Hasta la fecha finalizaron el aislamiento preventivo obligatorio mil novecientos diecinueve (1919) personas.<br>Se encuentran en seguimiento epidemiol\u00f3gico treinta (30) santiague\u00f1os con antecedente de viaje.<br>Se notific\u00f3 un paciente recuperado por lo que hay un total de cuarenta y uno (41) casos recuperados en la provincia<br>Se confirmaron veintis\u00e9is (26) casos el d\u00eda de hoy (19 corresponden a Capital\u00a0 y Banda de contactos estrechos con anteriores positivos; 4 corresponden\u00a0a una sola familia de Suncho Corral; 2 de la ciudad de Bandera y 1 (uno) de San Pedro de Guasayan.<br>Por lo tanto, permanecen activos doscientos ocho (208) casos en la provincia.<br>El total acumulado es de 249 casos desde el comienzo de la pandemia.<br>Adem\u00e1s en el reporte del Ministerio de Salud de la Naci\u00f3n se contabilizan<br>ciudadanos santiague\u00f1os con residencia legal en nuestra provincia: cuatro<br>(4) casos confirmados en provincia de Buenos Aires, dos casos confirmado<br>en CABA, un caso confirmado en Salta, un (1) caso confirmado en Jujuy, un<br>(1) caso en Tucum\u00e1n, un (1) caso notificado por Tierra del Fuego y un caso<br>en Santa Fe<br>Hay seis mil novecientos siete (6907) casos descartados a la fecha.<br>Se descartaron doscientos cuarenta y ocho (248) contactos de caso confirmado.<br>Ante la presencia de fiebre mayor o igual a 37,5\u00b0 y s\u00edntomas respiratorios<br>como tos, dolor de garganta, dificultad para respirar, adem\u00e1s de anosmia<br>o disgeusia de reciente aparici\u00f3n, y tambi\u00e9n cefalea, diarrea y\/o v\u00f3mitos o<br>al haber estado en contacto con un caso confirmado, se insta a la<br>poblaci\u00f3n a que haga un contacto de inmediato con el sistema de salud,<br>refiera el antecedente y se autoaisle durante 14 d\u00edas evitando todo<br>contacto social\u00a0<br>Recordemos continuar respetando las medidas de distancia f\u00edsica\u00a0y lavarnos frecuentemente las manos con agua y jab\u00f3n.\u00a0<br>Si necesitamos salir usemos el barbijo\u00a0correctamente sin tocarlo\u00a0ni tocarnos la cara.\u00a0<br>Respetar todos los protocolos vigentes y las actividades permitidas, y no<br>realizar reuniones sociales o familiares evitando contacto estrecho con<br>personas que no sean convivientes.<br>La \u00fanica herramienta que tenemos es la prevenci\u00f3n.<\/p>\n","protected":false},"excerpt":{"rendered":"<p>El mandatario provincial adelanto los datos de confirmados casos positivos en la provincia. \u00abAdelanto los&#8230;<\/p>\n","protected":false},"author":2,"featured_media":9331,"comment_status":"open","ping_status":"open","sticky":false,"template":"","format":"standard","meta":{"om_disable_all_campaigns":false,"_monsterinsights_skip_tracking":false,"_monsterinsights_sitenote_active":false,"_monsterinsights_sitenote_note":"","_monsterinsights_sitenote_category":0,"_uf_show_specific_survey":0,"_uf_disable_surveys":false,"jetpack_post_was_ever_published":false,"_jetpack_newsletter_access":"","_jetpack_dont_email_post_to_subs":false,"_jetpack_newsletter_tier_id":0,"_jetpack_memberships_contains_paywalled_content":false,"_jetpack_memberships_contains_paid_content":false,"footnotes":"","jetpack_publicize_message":"","jetpack_publicize_feature_enabled":true,"jetpack_social_post_already_shared":false,"jetpack_social_options":{"image_generator_settings":{"template":"highway","default_image_id":0,"font":"","enabled":false},"version":2}},"categories":[3],"tags":[],"class_list":["post-9418","post","type-post","status-publish","format-standard","has-post-thumbnail","hentry","category-salud"],"aioseo_notices":[],"views":7,"jetpack_publicize_connections":[],"jetpack_featured_media_url":"https:\/\/i0.wp.com\/elterritorialweb.com.ar\/web\/wp-content\/uploads\/2020\/08\/FRIAS-CONTROL-SANITARIO-1.jpg?fit=960%2C801&ssl=1","jetpack_sharing_enabled":true,"_links":{"self":[{"href":"https:\/\/elterritorialweb.com.ar\/web\/wp-json\/wp\/v2\/posts\/9418","targetHints":{"allow":["GET"]}}],"collection":[{"href":"https:\/\/elterritorialweb.com.ar\/web\/wp-json\/wp\/v2\/posts"}],"about":[{"href":"https:\/\/elterritorialweb.com.ar\/web\/wp-json\/wp\/v2\/types\/post"}],"author":[{"embeddable":true,"href":"https:\/\/elterritorialweb.com.ar\/web\/wp-json\/wp\/v2\/users\/2"}],"replies":[{"embeddable":true,"href":"https:\/\/elterritorialweb.com.ar\/web\/wp-json\/wp\/v2\/comments?post=9418"}],"version-history":[{"count":2,"href":"https:\/\/elterritorialweb.com.ar\/web\/wp-json\/wp\/v2\/posts\/9418\/revisions"}],"predecessor-version":[{"id":9423,"href":"https:\/\/elterritorialweb.com.ar\/web\/wp-json\/wp\/v2\/posts\/9418\/revisions\/9423"}],"wp:featuredmedia":[{"embeddable":true,"href":"https:\/\/elterritorialweb.com.ar\/web\/wp-json\/wp\/v2\/media\/9331"}],"wp:attachment":[{"href":"https:\/\/elterritorialweb.com.ar\/web\/wp-json\/wp\/v2\/media?parent=9418"}],"wp:term":[{"taxonomy":"category","embeddable":true,"href":"https:\/\/elterritorialweb.com.ar\/web\/wp-json\/wp\/v2\/categories?post=9418"},{"taxonomy":"post_tag","embeddable":true,"href":"https:\/\/elterritorialweb.com.ar\/web\/wp-json\/wp\/v2\/tags?post=9418"}],"curies":[{"name":"wp","href":"https:\/\/api.w.org\/{rel}","templated":true}]}}