{"id":9424,"date":"2020-08-15T18:35:26","date_gmt":"2020-08-15T18:35:26","guid":{"rendered":"http:\/\/elterritorialweb.com.ar\/web\/?p=9424"},"modified":"2020-08-15T18:35:37","modified_gmt":"2020-08-15T18:35:37","slug":"la-comuna-capitalina-secuestro-varios-vehiculos-en-infraccion","status":"publish","type":"post","link":"https:\/\/elterritorialweb.com.ar\/web\/la-comuna-capitalina-secuestro-varios-vehiculos-en-infraccion\/","title":{"rendered":"LA COMUNA CAPITALINA SECUESTR\u00d3 VARIOS VEH\u00cdCULOS EN INFRACCI\u00d3N"},"content":{"rendered":"\n<p>En uno de los casos, retuvieron un utilitario que adem\u00e1s cuyo conductor no contaba con licencia de conducir, ni seguro, ni otra documentaci\u00f3n, mientras circulaba en el horario no permitido.<br>En otra de las situaciones irregulares, se detuvo a un taxista que trasladaba dos pasajeros y sin resoluci\u00f3n para poder operar como auto de alquiler dentro del ejido capitalino. Por lo tanto, el auto qued\u00f3 retenido y bajo la \u00f3rbita del Tribunal de Falta que aplicar\u00e1 las severas multas que corresponden.<br>Estos hechos se suman al secuestro de motos en las cuales viajaban m\u00e1s de una persona. El municipio comunic\u00f3 que el trabajo de los agentes de Tr\u00e1nsito y Transporte se extender\u00e1 tambi\u00e9n durante el fin de semana.<\/p>\n","protected":false},"excerpt":{"rendered":"<p>La Direcci\u00f3n de Tr\u00e1nsito y Transporte infraccion\u00f3 y secuestr\u00f3 varios veh\u00edculos que no respetaron el horario de restricci\u00f3n de circulaci\u00f3n y en otros casos por incumplir el protocolo para el transporte de pasajeros taxis y radiotaxis.<\/p>\n","protected":false},"author":2,"featured_media":9425,"comment_status":"open","ping_status":"open","sticky":false,"template":"","format":"standard","meta":{"om_disable_all_campaigns":false,"_monsterinsights_skip_tracking":false,"_monsterinsights_sitenote_active":false,"_monsterinsights_sitenote_note":"","_monsterinsights_sitenote_category":0,"_uf_show_specific_survey":0,"_uf_disable_surveys":false,"jetpack_post_was_ever_published":false,"_jetpack_newsletter_access":"","_jetpack_dont_email_post_to_subs":false,"_jetpack_newsletter_tier_id":0,"_jetpack_memberships_contains_paywalled_content":false,"_jetpack_memberships_contains_paid_content":false,"footnotes":"","jetpack_publicize_message":"","jetpack_publicize_feature_enabled":true,"jetpack_social_post_already_shared":false,"jetpack_social_options":{"image_generator_settings":{"template":"highway","default_image_id":0,"font":"","enabled":false},"version":2}},"categories":[21],"tags":[],"class_list":["post-9424","post","type-post","status-publish","format-standard","has-post-thumbnail","hentry","category-locales"],"aioseo_notices":[],"views":3,"jetpack_publicize_connections":[],"jetpack_featured_media_url":"https:\/\/i0.wp.com\/elterritorialweb.com.ar\/web\/wp-content\/uploads\/2020\/08\/MUNI-SECUESTRO-VEHICULOS-1.jpg?fit=960%2C539&ssl=1","jetpack_sharing_enabled":true,"_links":{"self":[{"href":"https:\/\/elterritorialweb.com.ar\/web\/wp-json\/wp\/v2\/posts\/9424","targetHints":{"allow":["GET"]}}],"collection":[{"href":"https:\/\/elterritorialweb.com.ar\/web\/wp-json\/wp\/v2\/posts"}],"about":[{"href":"https:\/\/elterritorialweb.com.ar\/web\/wp-json\/wp\/v2\/types\/post"}],"author":[{"embeddable":true,"href":"https:\/\/elterritorialweb.com.ar\/web\/wp-json\/wp\/v2\/users\/2"}],"replies":[{"embeddable":true,"href":"https:\/\/elterritorialweb.com.ar\/web\/wp-json\/wp\/v2\/comments?post=9424"}],"version-history":[{"count":2,"href":"https:\/\/elterritorialweb.com.ar\/web\/wp-json\/wp\/v2\/posts\/9424\/revisions"}],"predecessor-version":[{"id":9427,"href":"https:\/\/elterritorialweb.com.ar\/web\/wp-json\/wp\/v2\/posts\/9424\/revisions\/9427"}],"wp:featuredmedia":[{"embeddable":true,"href":"https:\/\/elterritorialweb.com.ar\/web\/wp-json\/wp\/v2\/media\/9425"}],"wp:attachment":[{"href":"https:\/\/elterritorialweb.com.ar\/web\/wp-json\/wp\/v2\/media?parent=9424"}],"wp:term":[{"taxonomy":"category","embeddable":true,"href":"https:\/\/elterritorialweb.com.ar\/web\/wp-json\/wp\/v2\/categories?post=9424"},{"taxonomy":"post_tag","embeddable":true,"href":"https:\/\/elterritorialweb.com.ar\/web\/wp-json\/wp\/v2\/tags?post=9424"}],"curies":[{"name":"wp","href":"https:\/\/api.w.org\/{rel}","templated":true}]}}