{"id":9434,"date":"2020-08-15T19:33:28","date_gmt":"2020-08-15T19:33:28","guid":{"rendered":"http:\/\/elterritorialweb.com.ar\/web\/?p=9434"},"modified":"2020-08-15T19:33:30","modified_gmt":"2020-08-15T19:33:30","slug":"frias-el-municipio-entrego-termometros-infrarrojos-a-las-empresas-de-remises-de-la-ciudad","status":"publish","type":"post","link":"https:\/\/elterritorialweb.com.ar\/web\/frias-el-municipio-entrego-termometros-infrarrojos-a-las-empresas-de-remises-de-la-ciudad\/","title":{"rendered":"FR\u00cdAS: EL MUNICIPIO ENTREG\u00d3 TERM\u00d3METROS INFRARROJOS A LAS EMPRESAS DE REMISES DE LA CIUDAD"},"content":{"rendered":"\n<p>FR\u00cdAS<\/p>\n\n\n\n<p>El intendente Dr. Astor An\u00edbal Padula hizo entrega a los responsables de cada empresa de remises de la Ciudad de Fr\u00edas los term\u00f3metros de \u00faltima generaci\u00f3n los cuales estar\u00e1n al servicio para el control de temperatura en cada uno de los choferes y pasajeros, asegurando de esta manera los protocolos sanitarios previstos en esta situaci\u00f3n epidemiol\u00f3gica, no s\u00f3lo cuidando la salud del trabajador sino tambi\u00e9n la del pasajero que pudiera transportarse en un veh\u00edculo de alquiler sabiendo que el propio chofer cumple con las medidas preventivas.<\/p>\n\n\n\n<figure class=\"wp-block-image size-large\"><img data-recalc-dims=\"1\" decoding=\"async\" width=\"640\" height=\"425\" data-src=\"https:\/\/i0.wp.com\/elterritorialweb.com.ar\/web\/wp-content\/uploads\/2020\/08\/FRIAS-TERMOMETROS-REMISES-1.jpg?resize=640%2C425\" alt=\"\" class=\"wp-image-9436 lazyload\" data-srcset=\"https:\/\/i0.wp.com\/elterritorialweb.com.ar\/web\/wp-content\/uploads\/2020\/08\/FRIAS-TERMOMETROS-REMISES-1.jpg?w=960&amp;ssl=1 960w, https:\/\/i0.wp.com\/elterritorialweb.com.ar\/web\/wp-content\/uploads\/2020\/08\/FRIAS-TERMOMETROS-REMISES-1.jpg?resize=300%2C199&amp;ssl=1 300w, https:\/\/i0.wp.com\/elterritorialweb.com.ar\/web\/wp-content\/uploads\/2020\/08\/FRIAS-TERMOMETROS-REMISES-1.jpg?resize=768%2C510&amp;ssl=1 768w, https:\/\/i0.wp.com\/elterritorialweb.com.ar\/web\/wp-content\/uploads\/2020\/08\/FRIAS-TERMOMETROS-REMISES-1.jpg?resize=675%2C450&amp;ssl=1 675w\" data-sizes=\"(max-width: 640px) 100vw, 640px\" src=\"data:image\/svg+xml;base64,PHN2ZyB3aWR0aD0iMSIgaGVpZ2h0PSIxIiB4bWxucz0iaHR0cDovL3d3dy53My5vcmcvMjAwMC9zdmciPjwvc3ZnPg==\" style=\"--smush-placeholder-width: 640px; --smush-placeholder-aspect-ratio: 640\/425;\" \/><\/figure>\n\n\n\n<p>Este entrega de term\u00f3metros digitales, se suma a la entrega de barbijos para los choferes y de barreras sanitarias ( divisores de pl\u00e1stico tipo mamparas en el interior del veh\u00edculo para separar el espacio del conductor del que ocupan los viajeros y reducir as\u00ed, el contacto directo al m\u00ednimo posible) que se hizo en el mes de mayo pasado.<\/p>\n\n\n\n<figure class=\"wp-block-image size-large\"><img data-recalc-dims=\"1\" decoding=\"async\" width=\"640\" height=\"425\" data-src=\"https:\/\/i0.wp.com\/elterritorialweb.com.ar\/web\/wp-content\/uploads\/2020\/08\/FRIAS-TERMOMETROS-REMISES-2.jpg?resize=640%2C425\" alt=\"\" class=\"wp-image-9437 lazyload\" data-srcset=\"https:\/\/i0.wp.com\/elterritorialweb.com.ar\/web\/wp-content\/uploads\/2020\/08\/FRIAS-TERMOMETROS-REMISES-2.jpg?w=960&amp;ssl=1 960w, https:\/\/i0.wp.com\/elterritorialweb.com.ar\/web\/wp-content\/uploads\/2020\/08\/FRIAS-TERMOMETROS-REMISES-2.jpg?resize=300%2C199&amp;ssl=1 300w, https:\/\/i0.wp.com\/elterritorialweb.com.ar\/web\/wp-content\/uploads\/2020\/08\/FRIAS-TERMOMETROS-REMISES-2.jpg?resize=768%2C510&amp;ssl=1 768w, https:\/\/i0.wp.com\/elterritorialweb.com.ar\/web\/wp-content\/uploads\/2020\/08\/FRIAS-TERMOMETROS-REMISES-2.jpg?resize=675%2C450&amp;ssl=1 675w\" data-sizes=\"(max-width: 640px) 100vw, 640px\" src=\"data:image\/svg+xml;base64,PHN2ZyB3aWR0aD0iMSIgaGVpZ2h0PSIxIiB4bWxucz0iaHR0cDovL3d3dy53My5vcmcvMjAwMC9zdmciPjwvc3ZnPg==\" style=\"--smush-placeholder-width: 640px; --smush-placeholder-aspect-ratio: 640\/425;\" \/><\/figure>\n\n\n\n<p>Se recuerda que solamente podr\u00e1n llamar por tel\u00e9fono a las empresas de remises para solicitar un auto, autorizando el traslado de un s\u00f3lo pasajero por viaje sentado en la parte de atr\u00e1s del veh\u00edculo. Tambi\u00e9n es obligatorio el uso de barbijos para el chofer y el pasajero.<\/p>\n","protected":false},"excerpt":{"rendered":"<p>La Municipalidad de Fr\u00edas, con el objetivo de resguardar la salud p\u00fablica de los ciudadanos y respetando los protocolos de Seguridad y Sanidad de la poblaci\u00f3n, entreg\u00f3 a las empresas de remises de la Ciudad term\u00f3metros infrarrojos para el control de la temperatura de los choferes y pasajeros.<\/p>\n","protected":false},"author":2,"featured_media":9435,"comment_status":"open","ping_status":"open","sticky":false,"template":"","format":"standard","meta":{"om_disable_all_campaigns":false,"_monsterinsights_skip_tracking":false,"_monsterinsights_sitenote_active":false,"_monsterinsights_sitenote_note":"","_monsterinsights_sitenote_category":0,"_uf_show_specific_survey":0,"_uf_disable_surveys":false,"jetpack_post_was_ever_published":false,"_jetpack_newsletter_access":"","_jetpack_dont_email_post_to_subs":false,"_jetpack_newsletter_tier_id":0,"_jetpack_memberships_contains_paywalled_content":false,"_jetpack_memberships_contains_paid_content":false,"footnotes":"","jetpack_publicize_message":"","jetpack_publicize_feature_enabled":true,"jetpack_social_post_already_shared":false,"jetpack_social_options":{"image_generator_settings":{"template":"highway","default_image_id":0,"font":"","enabled":false},"version":2}},"categories":[21],"tags":[],"class_list":["post-9434","post","type-post","status-publish","format-standard","has-post-thumbnail","hentry","category-locales"],"aioseo_notices":[],"views":4,"jetpack_publicize_connections":[],"jetpack_featured_media_url":"https:\/\/i0.wp.com\/elterritorialweb.com.ar\/web\/wp-content\/uploads\/2020\/08\/FRIAS-TERMOMETROS-REMISES.jpg?fit=960%2C638&ssl=1","jetpack_sharing_enabled":true,"_links":{"self":[{"href":"https:\/\/elterritorialweb.com.ar\/web\/wp-json\/wp\/v2\/posts\/9434","targetHints":{"allow":["GET"]}}],"collection":[{"href":"https:\/\/elterritorialweb.com.ar\/web\/wp-json\/wp\/v2\/posts"}],"about":[{"href":"https:\/\/elterritorialweb.com.ar\/web\/wp-json\/wp\/v2\/types\/post"}],"author":[{"embeddable":true,"href":"https:\/\/elterritorialweb.com.ar\/web\/wp-json\/wp\/v2\/users\/2"}],"replies":[{"embeddable":true,"href":"https:\/\/elterritorialweb.com.ar\/web\/wp-json\/wp\/v2\/comments?post=9434"}],"version-history":[{"count":1,"href":"https:\/\/elterritorialweb.com.ar\/web\/wp-json\/wp\/v2\/posts\/9434\/revisions"}],"predecessor-version":[{"id":9438,"href":"https:\/\/elterritorialweb.com.ar\/web\/wp-json\/wp\/v2\/posts\/9434\/revisions\/9438"}],"wp:featuredmedia":[{"embeddable":true,"href":"https:\/\/elterritorialweb.com.ar\/web\/wp-json\/wp\/v2\/media\/9435"}],"wp:attachment":[{"href":"https:\/\/elterritorialweb.com.ar\/web\/wp-json\/wp\/v2\/media?parent=9434"}],"wp:term":[{"taxonomy":"category","embeddable":true,"href":"https:\/\/elterritorialweb.com.ar\/web\/wp-json\/wp\/v2\/categories?post=9434"},{"taxonomy":"post_tag","embeddable":true,"href":"https:\/\/elterritorialweb.com.ar\/web\/wp-json\/wp\/v2\/tags?post=9434"}],"curies":[{"name":"wp","href":"https:\/\/api.w.org\/{rel}","templated":true}]}}