{"id":9439,"date":"2020-08-15T20:00:40","date_gmt":"2020-08-15T20:00:40","guid":{"rendered":"http:\/\/elterritorialweb.com.ar\/web\/?p=9439"},"modified":"2020-08-15T20:00:40","modified_gmt":"2020-08-15T20:00:40","slug":"mukdise-participo-de-la-segunda-jornada-virtual-para-la-gobernanza-ambiental-municipal","status":"publish","type":"post","link":"https:\/\/elterritorialweb.com.ar\/web\/mukdise-participo-de-la-segunda-jornada-virtual-para-la-gobernanza-ambiental-municipal\/","title":{"rendered":"MUKDISE PARTICIP\u00d3 DE LA SEGUNDA JORNADA VIRTUAL PARA LA GOBERNANZA AMBIENTAL MUNICIPAL"},"content":{"rendered":"\n<p>TERMAS DE R\u00cdO HONDO<\/p>\n\n\n\n<p>La Municipalidad de Las Termas de R\u00edo Hondo, particip\u00f3 de la Segunda Jornada Virtual para la Gobernanza Ambiental Municipal, organizada por el Ministerio de Ambiente y Desarrollo Sostenible de la Naci\u00f3n y el Ministerio de Obras P\u00fablicas a trav\u00e9s de la Subsecretaria de Medio Ambiente de la provincia.<\/p>\n\n\n\n<figure class=\"wp-block-image size-large\"><img data-recalc-dims=\"1\" decoding=\"async\" width=\"640\" height=\"280\" data-src=\"https:\/\/i0.wp.com\/elterritorialweb.com.ar\/web\/wp-content\/uploads\/2020\/08\/MUKDISE-VIRTUAL-GOBERNANZA-1.jpg?resize=640%2C280\" alt=\"\" class=\"wp-image-9441 lazyload\" data-srcset=\"https:\/\/i0.wp.com\/elterritorialweb.com.ar\/web\/wp-content\/uploads\/2020\/08\/MUKDISE-VIRTUAL-GOBERNANZA-1.jpg?w=960&amp;ssl=1 960w, https:\/\/i0.wp.com\/elterritorialweb.com.ar\/web\/wp-content\/uploads\/2020\/08\/MUKDISE-VIRTUAL-GOBERNANZA-1.jpg?resize=300%2C131&amp;ssl=1 300w, https:\/\/i0.wp.com\/elterritorialweb.com.ar\/web\/wp-content\/uploads\/2020\/08\/MUKDISE-VIRTUAL-GOBERNANZA-1.jpg?resize=768%2C336&amp;ssl=1 768w\" data-sizes=\"(max-width: 640px) 100vw, 640px\" src=\"data:image\/svg+xml;base64,PHN2ZyB3aWR0aD0iMSIgaGVpZ2h0PSIxIiB4bWxucz0iaHR0cDovL3d3dy53My5vcmcvMjAwMC9zdmciPjwvc3ZnPg==\" style=\"--smush-placeholder-width: 640px; --smush-placeholder-aspect-ratio: 640\/280;\" \/><\/figure>\n\n\n\n<p>De dicha jornada, realizada a trav\u00e9s de v\u00eda zoom, en la que participaron adem\u00e1s los municipios de Capital, La Banda y Fr\u00edas, en la que se abordaron las diferentes normativas ambientales, que permitan encontrar soluciones a problem\u00e1ticas comunes de dichas localidades. Cabe destacar que el caso del Departamento R\u00edo Hondo, fue resaltado en la ponencia gracias a las importantes pol\u00edticas y gestiones en materia ambiental que se impulsan desde la Comuna.<br>Por su parte, el Jefe Comunal, resalt\u00f3 la importancia de estas jornadas, ya que representa un importante avance en materia medioambiental en toda la provincia, generando importantes soluciones para las ciudades participantes<\/p>\n","protected":false},"excerpt":{"rendered":"<p>MUNICIPALIDAD DE LA TERMAS DE R\u00cdO HONDO<\/p>\n","protected":false},"author":2,"featured_media":9440,"comment_status":"open","ping_status":"open","sticky":false,"template":"","format":"standard","meta":{"om_disable_all_campaigns":false,"_monsterinsights_skip_tracking":false,"_monsterinsights_sitenote_active":false,"_monsterinsights_sitenote_note":"","_monsterinsights_sitenote_category":0,"_uf_show_specific_survey":0,"_uf_disable_surveys":false,"jetpack_post_was_ever_published":false,"_jetpack_newsletter_access":"","_jetpack_dont_email_post_to_subs":false,"_jetpack_newsletter_tier_id":0,"_jetpack_memberships_contains_paywalled_content":false,"_jetpack_memberships_contains_paid_content":false,"footnotes":"","jetpack_publicize_message":"","jetpack_publicize_feature_enabled":true,"jetpack_social_post_already_shared":false,"jetpack_social_options":{"image_generator_settings":{"template":"highway","default_image_id":0,"font":"","enabled":false},"version":2}},"categories":[21],"tags":[],"class_list":["post-9439","post","type-post","status-publish","format-standard","has-post-thumbnail","hentry","category-locales"],"aioseo_notices":[],"views":3,"jetpack_publicize_connections":[],"jetpack_featured_media_url":"https:\/\/i0.wp.com\/elterritorialweb.com.ar\/web\/wp-content\/uploads\/2020\/08\/MUKDISE-VIRTUAL-GOBERNANZA.jpg?fit=960%2C720&ssl=1","jetpack_sharing_enabled":true,"_links":{"self":[{"href":"https:\/\/elterritorialweb.com.ar\/web\/wp-json\/wp\/v2\/posts\/9439","targetHints":{"allow":["GET"]}}],"collection":[{"href":"https:\/\/elterritorialweb.com.ar\/web\/wp-json\/wp\/v2\/posts"}],"about":[{"href":"https:\/\/elterritorialweb.com.ar\/web\/wp-json\/wp\/v2\/types\/post"}],"author":[{"embeddable":true,"href":"https:\/\/elterritorialweb.com.ar\/web\/wp-json\/wp\/v2\/users\/2"}],"replies":[{"embeddable":true,"href":"https:\/\/elterritorialweb.com.ar\/web\/wp-json\/wp\/v2\/comments?post=9439"}],"version-history":[{"count":1,"href":"https:\/\/elterritorialweb.com.ar\/web\/wp-json\/wp\/v2\/posts\/9439\/revisions"}],"predecessor-version":[{"id":9442,"href":"https:\/\/elterritorialweb.com.ar\/web\/wp-json\/wp\/v2\/posts\/9439\/revisions\/9442"}],"wp:featuredmedia":[{"embeddable":true,"href":"https:\/\/elterritorialweb.com.ar\/web\/wp-json\/wp\/v2\/media\/9440"}],"wp:attachment":[{"href":"https:\/\/elterritorialweb.com.ar\/web\/wp-json\/wp\/v2\/media?parent=9439"}],"wp:term":[{"taxonomy":"category","embeddable":true,"href":"https:\/\/elterritorialweb.com.ar\/web\/wp-json\/wp\/v2\/categories?post=9439"},{"taxonomy":"post_tag","embeddable":true,"href":"https:\/\/elterritorialweb.com.ar\/web\/wp-json\/wp\/v2\/tags?post=9439"}],"curies":[{"name":"wp","href":"https:\/\/api.w.org\/{rel}","templated":true}]}}