{"id":9485,"date":"2020-08-16T19:16:42","date_gmt":"2020-08-16T19:16:42","guid":{"rendered":"http:\/\/elterritorialweb.com.ar\/web\/?p=9485"},"modified":"2020-08-16T19:16:43","modified_gmt":"2020-08-16T19:16:43","slug":"zamora-de-lunes-a-viernes-la-circulacion-sera-de-8-a-18-sabados-y-domingos-de-8-a-15","status":"publish","type":"post","link":"https:\/\/elterritorialweb.com.ar\/web\/zamora-de-lunes-a-viernes-la-circulacion-sera-de-8-a-18-sabados-y-domingos-de-8-a-15\/","title":{"rendered":"ZAMORA: \u00abDE LUNES A VIERNES LA CIRCULACI\u00d3N SER\u00c1 DE 8 A 18, S\u00c1BADOS Y DOMINGOS DE 8 A 15\u00bb"},"content":{"rendered":"\n<p><strong>LAS MEDIDAS<\/strong><\/p>\n\n\n\n<p>a) Actividades prohibidas: Transporte p\u00fablico de pasajeros (colectivos), gimnasios, peluquer\u00edas y casas de est\u00e9tica.<br>b) Actividades restringidas: bares, restaurantes, cafeter\u00edas, helader\u00edas, pasteler\u00edas, rotiser\u00edas y cualquier otra casa de comidas, no podr\u00e1n atender al p\u00fablico (solo podr\u00e1n hacerlo por sistema de pedidos, Delivery y \u201ctake away\u201d) .<br>c) El horario de circulaci\u00f3n y actividades perm\u00edtidas podr\u00e1n desarrollarse de lunes a viernes entre las 8 y las 18 hs; y los s\u00e1bados, domingos y feriados de 8 a 15 hs.<br>d) Despu\u00e9s de las 18 y hasta las 8 hs (de lunes a viernes ) y de las 15 hs hasta las 8 hs (los s\u00e1bados, domingos y feriados) solo podr\u00e1n circular aquellas personas autorizadas por el \u201ccirculando\u201d que realizan actividades esenciales.<\/p>\n\n\n\n<p><strong>LOS 25 DEPARTAMENTOS RESTANTES DE LA PROVINCIA.<\/strong><\/p>\n\n\n\n<p>a) Se mantienen todas las actividades tal como estaban, dentro del horario de circulaci\u00f3n permitido (de 8 a 24 hs)<br>b) Se tomar\u00e1n medidas excepcionales cuando la emergencia lo requiera ( como Suncho Corral y San Pedro de Guasayan) o algunas medidas que sean requeridas por las autoridades comunales, que hagan a limitaciones horarias, etc .<\/p>\n\n\n\n<p>\u00abLas reuniones sociales y familiares (cualquiera sea el n\u00famero de personas) est\u00e1n prohibidas en todo el territorio provincial, y se establecen multas y sanciones especiales a los organizadores y due\u00f1os de locales, espacios o casas de familias en las que se realicen\u00bb.<br>\u00abTambi\u00e9n se mantiene la limitaci\u00f3n a la circulaci\u00f3n de dos personas por veh\u00edculo, un pasajero por remis o radiotaxi y una persona por moto veh\u00edculo\u00bb.<\/p>\n\n\n\n<p>\u00ab&#8230;apelamos a la responsabilidad de todos y casa uno de los santiague\u00f1os, para que no tener que tomar medidas m\u00e1s fuertes de aislamiento, ya que nos encontramos en una situaci\u00f3n dif\u00edcil, y est\u00e1 en juego la salud y la vida de mucha gente\u00bb.<\/p>\n","protected":false},"excerpt":{"rendered":"<p>LAS MEDIDAS a) Actividades prohibidas: Transporte p\u00fablico de pasajeros (colectivos), gimnasios, peluquer\u00edas y casas de&#8230;<\/p>\n","protected":false},"author":2,"featured_media":9486,"comment_status":"open","ping_status":"open","sticky":false,"template":"","format":"standard","meta":{"om_disable_all_campaigns":false,"_monsterinsights_skip_tracking":false,"_monsterinsights_sitenote_active":false,"_monsterinsights_sitenote_note":"","_monsterinsights_sitenote_category":0,"_uf_show_specific_survey":0,"_uf_disable_surveys":false,"jetpack_post_was_ever_published":false,"_jetpack_newsletter_access":"","_jetpack_dont_email_post_to_subs":false,"_jetpack_newsletter_tier_id":0,"_jetpack_memberships_contains_paywalled_content":false,"_jetpack_memberships_contains_paid_content":false,"footnotes":"","jetpack_publicize_message":"","jetpack_publicize_feature_enabled":true,"jetpack_social_post_already_shared":false,"jetpack_social_options":{"image_generator_settings":{"template":"highway","default_image_id":0,"font":"","enabled":false},"version":2}},"categories":[21],"tags":[],"class_list":["post-9485","post","type-post","status-publish","format-standard","has-post-thumbnail","hentry","category-locales"],"aioseo_notices":[],"views":5,"jetpack_publicize_connections":[],"jetpack_featured_media_url":"https:\/\/i0.wp.com\/elterritorialweb.com.ar\/web\/wp-content\/uploads\/2020\/08\/2020-08-16-3.png?fit=398%2C224&ssl=1","jetpack_sharing_enabled":true,"_links":{"self":[{"href":"https:\/\/elterritorialweb.com.ar\/web\/wp-json\/wp\/v2\/posts\/9485","targetHints":{"allow":["GET"]}}],"collection":[{"href":"https:\/\/elterritorialweb.com.ar\/web\/wp-json\/wp\/v2\/posts"}],"about":[{"href":"https:\/\/elterritorialweb.com.ar\/web\/wp-json\/wp\/v2\/types\/post"}],"author":[{"embeddable":true,"href":"https:\/\/elterritorialweb.com.ar\/web\/wp-json\/wp\/v2\/users\/2"}],"replies":[{"embeddable":true,"href":"https:\/\/elterritorialweb.com.ar\/web\/wp-json\/wp\/v2\/comments?post=9485"}],"version-history":[{"count":1,"href":"https:\/\/elterritorialweb.com.ar\/web\/wp-json\/wp\/v2\/posts\/9485\/revisions"}],"predecessor-version":[{"id":9487,"href":"https:\/\/elterritorialweb.com.ar\/web\/wp-json\/wp\/v2\/posts\/9485\/revisions\/9487"}],"wp:featuredmedia":[{"embeddable":true,"href":"https:\/\/elterritorialweb.com.ar\/web\/wp-json\/wp\/v2\/media\/9486"}],"wp:attachment":[{"href":"https:\/\/elterritorialweb.com.ar\/web\/wp-json\/wp\/v2\/media?parent=9485"}],"wp:term":[{"taxonomy":"category","embeddable":true,"href":"https:\/\/elterritorialweb.com.ar\/web\/wp-json\/wp\/v2\/categories?post=9485"},{"taxonomy":"post_tag","embeddable":true,"href":"https:\/\/elterritorialweb.com.ar\/web\/wp-json\/wp\/v2\/tags?post=9485"}],"curies":[{"name":"wp","href":"https:\/\/api.w.org\/{rel}","templated":true}]}}