{"id":9493,"date":"2020-08-17T01:22:44","date_gmt":"2020-08-17T01:22:44","guid":{"rendered":"http:\/\/elterritorialweb.com.ar\/web\/?p=9493"},"modified":"2020-08-17T01:27:17","modified_gmt":"2020-08-17T01:27:17","slug":"se-confirmaron-91-nuevos-casos-positivos-de-covid-19-en-la-provincia","status":"publish","type":"post","link":"https:\/\/elterritorialweb.com.ar\/web\/se-confirmaron-91-nuevos-casos-positivos-de-covid-19-en-la-provincia\/","title":{"rendered":"SE CONFIRMARON 91 NUEVOS CASOS POSITIVOS DE COVID-19 EN LA PROVINCIA"},"content":{"rendered":"\n<p>Record de casos positivos en la provincia, lo adelanto el gobernador Gerardo Zamora, de los 91 casos positivos, 54 corresponden a Capital y La Banda de contactos estrechos,16 de Termas de R\u00edo Hondo, 13 de Nueva Esperanza y 8 de Bobadal.<\/p>\n\n\n\n<p><strong>COMUNICADO DEL GOBERNADOR GERARDO ZAMORA<\/strong><\/p>\n\n\n\n<p><em>\u00abAdelanto de los resultados de hoy (el ministerio de salud har\u00e1 el informe detallado)\u00bb.<br><strong>\u00abSe confirmaron 91 casos positivos (54 corresponden a Capital y Banda de contactos estrechos; 16 de Termas de R\u00edo Hondo, 13 de Nueva Esperanza y 8 de El Bobadal )\u00bb<\/strong>.<br>Las muestras analizadas fueron 366; siendo el total acumulado a la fecha de 372 casos positivos desde que comenz\u00f3 la pandemia\u00bb.<\/em>                                   <\/p>\n\n\n\n<p>El mandatario provincial, tras el informe diario de la situaci\u00f3n sanitaria de la provincia, emiti\u00f3 un nuevo mensaje al pueblo santiague\u00f1o donde dijo:<\/p>\n\n\n\n<p><em>\u00ab<strong>Nuevo y \u00faltimo pedido<\/strong>\u00a0tomemos conciencia!! todos, los j\u00f3venes o los no tan jovenes que creen que nunca se van a enfermar, los que piensan que es una simple gripe, los que creen qu\u00e9 hay otras cosas m\u00e1s importantes y tambi\u00e9n a los que no les importa nada &#8230;. se est\u00e1 haciendo un esfuerzo muy grande para evitar que se propague el virus, eso incluye muchos sacrificios personales y econ\u00f3micos de una inmensa mayor\u00eda de la poblaci\u00f3n santiague\u00f1a. Actuar en contrario no es algo sin consecuencias o sanci\u00f3n alguna para quienes act\u00faen sin la responsabilidad que est\u00e1 pandemia nos est\u00e1 imponiendo!!\u00bb.<br>\u00ab<strong>No es un delito contagiarse<\/strong>,<\/em> <strong><em>y nadie debe ser estigmatizado por ello<\/em><\/strong><em>, <strong>al contrario!<\/strong>, pero si, <strong>es un delito tipificado en el C\u00f3digo Penal, violar las medidas preventivas<\/strong> que imponen las normas y protocolos vigentes sobre esta cuesti\u00f3n, porque esas conductas ponen en peligro la salud y la vida de los dem\u00e1s\u00bb.<\/em><br><em>\u00abA esta altura, y viendo lo qu\u00e9 pasa en todo el mundo, que nadie diga que no sabe lo que tiene que hacer!!\u00bb<br>\u00abRuego a Dios que nos ilumine y nos gu\u00ede en este momento, y en todo lo que a\u00fan resta, hasta que podamos superar esta pandemia !!!\u00bb<\/em><\/p>\n\n\n\n<p><strong>REPORTE DIARIO DEL MINISTERIO DE SALUD DE LA PROVINCIA<\/strong><\/p>\n\n\n\n<p>Hasta la fecha finalizaron el aislamiento preventivo obligatorio mil novecientos veintisiete (1927) personas.<br>Se encuentran en seguimiento epidemiol\u00f3gico veintid\u00f3s (22) santiague\u00f1os con antecedente de viaje.                                                                                           Se procesaron 366 muestras de las cuales<strong> se confirmaron noventa y un (91) casos positivos (54 corresponden a Capital y Banda y el resto en el interior de la provincia: 8 de El Bobadal, 16 de Termas de R\u00edo Hondo y 13 de Nueva Esperanza). En Suncho Corral, Fern\u00e1ndez y San Pedro de Guasay\u00e1n no se registraron nuevos casos positivos.<\/strong><br>Trescientos veintinueve (329) casos est\u00e1n activos y cuarenta y dos (42) recuperados.<br><strong>Cinco pacientes positivos se encuentran en Unidad de Terapia Intensiva (UTI)<\/strong>, de los cuales <strong>ninguno se encuentra con Asistencia respiratoria Mec\u00e1nica (ARM)<\/strong>; y <strong>seis pacientes internados en sala com\u00fan.<\/strong><br>Hay siete mil quinientos treinta y seis (7536) casos descartados a la fecha.<br>Se descartaron doscientos cincuenta y tres (253) contactos de caso confirmado.<br>Ante la presencia de fiebre mayor o igual a 37,5\u00b0 y s\u00edntomas respiratorios como tos, dolor de garganta, dificultad para respirar, adem\u00e1s de anosmia o disgeusia de reciente aparici\u00f3n, y tambi\u00e9n cefalea, diarrea y\/o v\u00f3mitos o al haber estado en contacto con un caso confirmado, se insta a la poblaci\u00f3n a que haga un contacto de inmediato con el sistema de salud, refiera el antecedente y se autoaisle durante 14 d\u00edas evitando todo contacto social<\/p>\n","protected":false},"excerpt":{"rendered":"<p>Record de casos positivos en la provincia, lo adelanto el gobernador Gerardo Zamora, de los&#8230;<\/p>\n","protected":false},"author":2,"featured_media":6985,"comment_status":"open","ping_status":"open","sticky":false,"template":"","format":"standard","meta":{"om_disable_all_campaigns":false,"_monsterinsights_skip_tracking":false,"_monsterinsights_sitenote_active":false,"_monsterinsights_sitenote_note":"","_monsterinsights_sitenote_category":0,"_uf_show_specific_survey":0,"_uf_disable_surveys":false,"jetpack_post_was_ever_published":false,"_jetpack_newsletter_access":"","_jetpack_dont_email_post_to_subs":false,"_jetpack_newsletter_tier_id":0,"_jetpack_memberships_contains_paywalled_content":false,"_jetpack_memberships_contains_paid_content":false,"footnotes":"","jetpack_publicize_message":"","jetpack_publicize_feature_enabled":true,"jetpack_social_post_already_shared":false,"jetpack_social_options":{"image_generator_settings":{"template":"highway","default_image_id":0,"font":"","enabled":false},"version":2}},"categories":[3],"tags":[],"class_list":["post-9493","post","type-post","status-publish","format-standard","has-post-thumbnail","hentry","category-salud"],"aioseo_notices":[],"views":7,"jetpack_publicize_connections":[],"jetpack_featured_media_url":"https:\/\/i0.wp.com\/elterritorialweb.com.ar\/web\/wp-content\/uploads\/2020\/06\/NODO-1.jpg?fit=960%2C537&ssl=1","jetpack_sharing_enabled":true,"_links":{"self":[{"href":"https:\/\/elterritorialweb.com.ar\/web\/wp-json\/wp\/v2\/posts\/9493","targetHints":{"allow":["GET"]}}],"collection":[{"href":"https:\/\/elterritorialweb.com.ar\/web\/wp-json\/wp\/v2\/posts"}],"about":[{"href":"https:\/\/elterritorialweb.com.ar\/web\/wp-json\/wp\/v2\/types\/post"}],"author":[{"embeddable":true,"href":"https:\/\/elterritorialweb.com.ar\/web\/wp-json\/wp\/v2\/users\/2"}],"replies":[{"embeddable":true,"href":"https:\/\/elterritorialweb.com.ar\/web\/wp-json\/wp\/v2\/comments?post=9493"}],"version-history":[{"count":2,"href":"https:\/\/elterritorialweb.com.ar\/web\/wp-json\/wp\/v2\/posts\/9493\/revisions"}],"predecessor-version":[{"id":9495,"href":"https:\/\/elterritorialweb.com.ar\/web\/wp-json\/wp\/v2\/posts\/9493\/revisions\/9495"}],"wp:featuredmedia":[{"embeddable":true,"href":"https:\/\/elterritorialweb.com.ar\/web\/wp-json\/wp\/v2\/media\/6985"}],"wp:attachment":[{"href":"https:\/\/elterritorialweb.com.ar\/web\/wp-json\/wp\/v2\/media?parent=9493"}],"wp:term":[{"taxonomy":"category","embeddable":true,"href":"https:\/\/elterritorialweb.com.ar\/web\/wp-json\/wp\/v2\/categories?post=9493"},{"taxonomy":"post_tag","embeddable":true,"href":"https:\/\/elterritorialweb.com.ar\/web\/wp-json\/wp\/v2\/tags?post=9493"}],"curies":[{"name":"wp","href":"https:\/\/api.w.org\/{rel}","templated":true}]}}