{"id":9499,"date":"2020-08-17T02:09:26","date_gmt":"2020-08-17T02:09:26","guid":{"rendered":"http:\/\/elterritorialweb.com.ar\/web\/?p=9499"},"modified":"2020-08-17T02:09:26","modified_gmt":"2020-08-17T02:09:26","slug":"fernandez-resultado-negativo-dieron-los-hisopados-de-los-trabajadores-del-hospital","status":"publish","type":"post","link":"https:\/\/elterritorialweb.com.ar\/web\/fernandez-resultado-negativo-dieron-los-hisopados-de-los-trabajadores-del-hospital\/","title":{"rendered":"FERNANDEZ: RESULTADO NEGATIVO DIERON LOS HISOPADOS DE LOS TRABAJADORES DEL HOSPITAL"},"content":{"rendered":"\n<p>El intendente de la ciudad de Fern\u00e1ndez Victor Araujo, confirm\u00f3 que <strong>dieron resultado negativos los hisopados de los trabajadores de la salud del hospital zonal. <\/strong><\/p>\n\n\n\n<p><em>\u00abLos trabajadores de la salud del hospital zonal.,que hab\u00edan dado positivo a los testeos rapidos de covid-19 en el dia de ayer y que fueron posteriormente sometidos a las pruebas de hisopado, arrojaron resultados NEGATIVOS TODOS ellos en el d\u00eda de hoy seg\u00fan informaci\u00f3n oficial del Ministerio de Salud provincial. Afortunadamente seguimos sin casos positivos en nuestra ciudad y debemos pensar que hoy la responsabilidad es de TODOS, por lo que debemos poner el foco en cuidarnos mas que nunca. Usa tapabocas, evita reuniones sociales y mantene el distanciamiento\u00bb.<\/em><\/p>\n","protected":false},"excerpt":{"rendered":"<p>El intendente de la ciudad de Fern\u00e1ndez Victor Araujo, confirm\u00f3 que dieron resultado negativos los&#8230;<\/p>\n","protected":false},"author":2,"featured_media":9500,"comment_status":"open","ping_status":"open","sticky":false,"template":"","format":"standard","meta":{"om_disable_all_campaigns":false,"_monsterinsights_skip_tracking":false,"_monsterinsights_sitenote_active":false,"_monsterinsights_sitenote_note":"","_monsterinsights_sitenote_category":0,"_uf_show_specific_survey":0,"_uf_disable_surveys":false,"jetpack_post_was_ever_published":false,"_jetpack_newsletter_access":"","_jetpack_dont_email_post_to_subs":false,"_jetpack_newsletter_tier_id":0,"_jetpack_memberships_contains_paywalled_content":false,"_jetpack_memberships_contains_paid_content":false,"footnotes":"","jetpack_publicize_message":"","jetpack_publicize_feature_enabled":true,"jetpack_social_post_already_shared":false,"jetpack_social_options":{"image_generator_settings":{"template":"highway","default_image_id":0,"font":"","enabled":false},"version":2}},"categories":[3],"tags":[],"class_list":["post-9499","post","type-post","status-publish","format-standard","has-post-thumbnail","hentry","category-salud"],"aioseo_notices":[],"views":8,"jetpack_publicize_connections":[],"jetpack_featured_media_url":"https:\/\/i0.wp.com\/elterritorialweb.com.ar\/web\/wp-content\/uploads\/2020\/08\/HOSPITAL-DE-FERNANDEZ.jpg?fit=259%2C194&ssl=1","jetpack_sharing_enabled":true,"_links":{"self":[{"href":"https:\/\/elterritorialweb.com.ar\/web\/wp-json\/wp\/v2\/posts\/9499","targetHints":{"allow":["GET"]}}],"collection":[{"href":"https:\/\/elterritorialweb.com.ar\/web\/wp-json\/wp\/v2\/posts"}],"about":[{"href":"https:\/\/elterritorialweb.com.ar\/web\/wp-json\/wp\/v2\/types\/post"}],"author":[{"embeddable":true,"href":"https:\/\/elterritorialweb.com.ar\/web\/wp-json\/wp\/v2\/users\/2"}],"replies":[{"embeddable":true,"href":"https:\/\/elterritorialweb.com.ar\/web\/wp-json\/wp\/v2\/comments?post=9499"}],"version-history":[{"count":1,"href":"https:\/\/elterritorialweb.com.ar\/web\/wp-json\/wp\/v2\/posts\/9499\/revisions"}],"predecessor-version":[{"id":9501,"href":"https:\/\/elterritorialweb.com.ar\/web\/wp-json\/wp\/v2\/posts\/9499\/revisions\/9501"}],"wp:featuredmedia":[{"embeddable":true,"href":"https:\/\/elterritorialweb.com.ar\/web\/wp-json\/wp\/v2\/media\/9500"}],"wp:attachment":[{"href":"https:\/\/elterritorialweb.com.ar\/web\/wp-json\/wp\/v2\/media?parent=9499"}],"wp:term":[{"taxonomy":"category","embeddable":true,"href":"https:\/\/elterritorialweb.com.ar\/web\/wp-json\/wp\/v2\/categories?post=9499"},{"taxonomy":"post_tag","embeddable":true,"href":"https:\/\/elterritorialweb.com.ar\/web\/wp-json\/wp\/v2\/tags?post=9499"}],"curies":[{"name":"wp","href":"https:\/\/api.w.org\/{rel}","templated":true}]}}