{"id":9502,"date":"2020-08-17T02:26:33","date_gmt":"2020-08-17T02:26:33","guid":{"rendered":"http:\/\/elterritorialweb.com.ar\/web\/?p=9502"},"modified":"2020-08-17T02:30:50","modified_gmt":"2020-08-17T02:30:50","slug":"anatuya-refuerzan-controles-en-la-ciudad-y-zonas-aledanas","status":"publish","type":"post","link":"https:\/\/elterritorialweb.com.ar\/web\/anatuya-refuerzan-controles-en-la-ciudad-y-zonas-aledanas\/","title":{"rendered":"A\u00d1ATUYA: SE REUNI\u00d3 EL COMIT\u00c9 DE EMERGENCIA DE  LA CIUDAD"},"content":{"rendered":"\n<p>A\u00d1ATUYA<\/p>\n\n\n\n<p>De la misma participaron el intendente H\u00e9ctor Ib\u00e1\u00f1ez, los m\u00e9dicos Daniel Maguna, Hugo Suarez (edil), Daniel L\u00f3pez, Hugo Mujica (edil) y Juan Carlos Elean; representantes del hospital Zonal, C\u00e1mara de Comercio, Departamental 13 de Polic\u00eda, Polic\u00eda Comunitaria, la diputada Elia Ester Moreno, el comisionado Omar Majul de Taca\u00f1itas, entre otras autoridades.<br>En la oportunidad, plantearon intensificar los controles en los accesos a la ciudad, por Ruta 92 y avenida Jorge Gottau, como as\u00ed tambi\u00e9n el acceso sur por la Ruta 21.<br>Por su parte, el comisario Mayor Carlos Soni, quien est\u00e1 al frente de la Departamental 13, inform\u00f3 que en toda el \u00e1rea hay 80 familias aisladas, un total de 239 personas. Esta \u00e1rea abarca los departamentos Avellaneda, Belgrano y Gral Taboada.<\/p>\n\n\n\n<p><strong>PEDIDO A LA COMUNIDAD<\/strong><\/p>\n\n\n\n<p>Desde el Comit\u00e9 de Emergencia A\u00f1atuya una vez m\u00e1s reiteraron el pedido a los a\u00f1atuyenses de no viajar a los departamento Capital y Banda tras conocerse los numerosos contagios por Covid-19, ni a la ciudades donde se registraron casos positivos. Desde el Comit\u00e9 recordaron a los comercios que el horario de apertura de los mismos es de 8 a 13 y de 18 a 21 horas y que \u201cse deben tomar las medidas de prevenci\u00f3n pertinente\u201d.<\/p>\n\n\n\n<figure class=\"wp-block-image size-large\"><img data-recalc-dims=\"1\" decoding=\"async\" width=\"640\" height=\"480\" data-src=\"https:\/\/i0.wp.com\/elterritorialweb.com.ar\/web\/wp-content\/uploads\/2020\/08\/A%C3%91ATUYA-1.jpg?resize=640%2C480\" alt=\"\" class=\"wp-image-9504 lazyload\" data-srcset=\"https:\/\/i0.wp.com\/elterritorialweb.com.ar\/web\/wp-content\/uploads\/2020\/08\/A%C3%91ATUYA-1.jpg?w=960&amp;ssl=1 960w, https:\/\/i0.wp.com\/elterritorialweb.com.ar\/web\/wp-content\/uploads\/2020\/08\/A%C3%91ATUYA-1.jpg?resize=300%2C225&amp;ssl=1 300w, https:\/\/i0.wp.com\/elterritorialweb.com.ar\/web\/wp-content\/uploads\/2020\/08\/A%C3%91ATUYA-1.jpg?resize=768%2C576&amp;ssl=1 768w\" data-sizes=\"(max-width: 640px) 100vw, 640px\" src=\"data:image\/svg+xml;base64,PHN2ZyB3aWR0aD0iMSIgaGVpZ2h0PSIxIiB4bWxucz0iaHR0cDovL3d3dy53My5vcmcvMjAwMC9zdmciPjwvc3ZnPg==\" style=\"--smush-placeholder-width: 640px; --smush-placeholder-aspect-ratio: 640\/480;\" \/><\/figure>\n\n\n\n<p><strong>CONDUCTORES<\/strong><\/p>\n\n\n\n<p>Para los conductores de cami\u00f3n oriundos de A\u00f1atuya se les inform\u00f3 que tienen dos opciones:<br>1- Quedar aislados en uno de los hoteles destinados para tal fin. El propietario del veh\u00edculo deber\u00e1 hacerse cargo de los gastos del aislamiento en el hotel.<br>2- Aislarse con la familia en su domicilio particular. La familia deber\u00e1 entrar en cuarentena tras el regreso del conductor de un viaje.<br>En relaci\u00f3n a los proveedores de mercader\u00eda que provienen desde otras provincias se les informa que \u201cEl cami\u00f3n que est\u00e1 destinado a proveedur\u00eda, y arriba de otra provincia o ciudades de Santiago del Estero, ser\u00e1n registrados, se le pedir\u00e1 que tome las medidas pertinentes y se le har\u00e1 un control estricto. Tambi\u00e9n a aquellas combis que vienen de departamentos de la zona. Les pedimos que todos colaboren\u201d.<\/p>\n","protected":false},"excerpt":{"rendered":"<p>El Comit\u00e9 de Emergencia de la ciudad de A\u00f1atuya mantuvo una reuni\u00f3n este domingo en el que se decidi\u00f3 redoblar los controles en la ciudad y zonas aleda\u00f1as en el marco de la lucha contra el coronavirus.<\/p>\n","protected":false},"author":2,"featured_media":9503,"comment_status":"open","ping_status":"open","sticky":false,"template":"","format":"standard","meta":{"om_disable_all_campaigns":false,"_monsterinsights_skip_tracking":false,"_monsterinsights_sitenote_active":false,"_monsterinsights_sitenote_note":"","_monsterinsights_sitenote_category":0,"_uf_show_specific_survey":0,"_uf_disable_surveys":false,"jetpack_post_was_ever_published":false,"_jetpack_newsletter_access":"","_jetpack_dont_email_post_to_subs":false,"_jetpack_newsletter_tier_id":0,"_jetpack_memberships_contains_paywalled_content":false,"_jetpack_memberships_contains_paid_content":false,"footnotes":"","jetpack_publicize_message":"","jetpack_publicize_feature_enabled":true,"jetpack_social_post_already_shared":false,"jetpack_social_options":{"image_generator_settings":{"template":"highway","default_image_id":0,"font":"","enabled":false},"version":2}},"categories":[21],"tags":[],"class_list":["post-9502","post","type-post","status-publish","format-standard","has-post-thumbnail","hentry","category-locales"],"aioseo_notices":[],"views":8,"jetpack_publicize_connections":[],"jetpack_featured_media_url":"https:\/\/i0.wp.com\/elterritorialweb.com.ar\/web\/wp-content\/uploads\/2020\/08\/A%C3%91ATUYA.jpg?fit=960%2C540&ssl=1","jetpack_sharing_enabled":true,"_links":{"self":[{"href":"https:\/\/elterritorialweb.com.ar\/web\/wp-json\/wp\/v2\/posts\/9502","targetHints":{"allow":["GET"]}}],"collection":[{"href":"https:\/\/elterritorialweb.com.ar\/web\/wp-json\/wp\/v2\/posts"}],"about":[{"href":"https:\/\/elterritorialweb.com.ar\/web\/wp-json\/wp\/v2\/types\/post"}],"author":[{"embeddable":true,"href":"https:\/\/elterritorialweb.com.ar\/web\/wp-json\/wp\/v2\/users\/2"}],"replies":[{"embeddable":true,"href":"https:\/\/elterritorialweb.com.ar\/web\/wp-json\/wp\/v2\/comments?post=9502"}],"version-history":[{"count":3,"href":"https:\/\/elterritorialweb.com.ar\/web\/wp-json\/wp\/v2\/posts\/9502\/revisions"}],"predecessor-version":[{"id":9507,"href":"https:\/\/elterritorialweb.com.ar\/web\/wp-json\/wp\/v2\/posts\/9502\/revisions\/9507"}],"wp:featuredmedia":[{"embeddable":true,"href":"https:\/\/elterritorialweb.com.ar\/web\/wp-json\/wp\/v2\/media\/9503"}],"wp:attachment":[{"href":"https:\/\/elterritorialweb.com.ar\/web\/wp-json\/wp\/v2\/media?parent=9502"}],"wp:term":[{"taxonomy":"category","embeddable":true,"href":"https:\/\/elterritorialweb.com.ar\/web\/wp-json\/wp\/v2\/categories?post=9502"},{"taxonomy":"post_tag","embeddable":true,"href":"https:\/\/elterritorialweb.com.ar\/web\/wp-json\/wp\/v2\/tags?post=9502"}],"curies":[{"name":"wp","href":"https:\/\/api.w.org\/{rel}","templated":true}]}}