{"id":9508,"date":"2020-08-17T03:42:59","date_gmt":"2020-08-17T03:42:59","guid":{"rendered":"http:\/\/elterritorialweb.com.ar\/web\/?p=9508"},"modified":"2020-08-17T03:43:00","modified_gmt":"2020-08-17T03:43:00","slug":"mas-de-200-personas-detenidas-por-violacion-del-articulo-205-en-distintos-puntos-de-la-provincia","status":"publish","type":"post","link":"https:\/\/elterritorialweb.com.ar\/web\/mas-de-200-personas-detenidas-por-violacion-del-articulo-205-en-distintos-puntos-de-la-provincia\/","title":{"rendered":"MAS DE 200 PERSONAS DETENIDAS POR VIOLACI\u00d3N DEL ARTICULO 205 EN DISTINTOS PUNTOS DE LA PROVINCIA"},"content":{"rendered":"\n<p>Tras arduos procedimientos en los distintos puntos de la provincia, se detuvo a mas de 200 personas en fiestas, reuniones, ri\u00f1a de gallos, partidos de f\u00fatbol, y juegos clandestinos.<\/p>\n\n\n\n<p>En <strong>Ojo de Agua<\/strong> detuvieron a 12 personas en una fiesta clandestina en un sal\u00f3n, donde se secuestraron 10 automoviles, y una base CDR (camaras de seguridad) y al propietario del local lo trasladaron al Liceo Policial.  <\/p>\n\n\n\n<figure class=\"wp-block-image size-large is-resized\"><img data-recalc-dims=\"1\" decoding=\"async\" data-src=\"https:\/\/i0.wp.com\/elterritorialweb.com.ar\/web\/wp-content\/uploads\/2020\/08\/ojo-de-agua-detenidos.jpg?resize=580%2C415\" alt=\"\" class=\"wp-image-9509 lazyload\" width=\"580\" height=\"415\" data-srcset=\"https:\/\/i0.wp.com\/elterritorialweb.com.ar\/web\/wp-content\/uploads\/2020\/08\/ojo-de-agua-detenidos.jpg?w=1006&amp;ssl=1 1006w, https:\/\/i0.wp.com\/elterritorialweb.com.ar\/web\/wp-content\/uploads\/2020\/08\/ojo-de-agua-detenidos.jpg?resize=300%2C215&amp;ssl=1 300w, https:\/\/i0.wp.com\/elterritorialweb.com.ar\/web\/wp-content\/uploads\/2020\/08\/ojo-de-agua-detenidos.jpg?resize=768%2C550&amp;ssl=1 768w\" data-sizes=\"(max-width: 580px) 100vw, 580px\" src=\"data:image\/svg+xml;base64,PHN2ZyB3aWR0aD0iMSIgaGVpZ2h0PSIxIiB4bWxucz0iaHR0cDovL3d3dy53My5vcmcvMjAwMC9zdmciPjwvc3ZnPg==\" style=\"--smush-placeholder-width: 580px; --smush-placeholder-aspect-ratio: 580\/415;\" \/><figcaption><strong>FIESTA CLANDESTINA EN EL SAL\u00d3N \u00abLA PREVIA\u00bb DE OJO DE AGUA<\/strong><\/figcaption><\/figure>\n\n\n\n<p>En Sumampa detuvieron a 6 personas e una reuni\u00f3n festiva, en un domicilio particular, donde se secuestr\u00f3 12 veh\u00edculos. La propietaria del domicilio fue trasladada al Liceo Policial.<\/p>\n\n\n\n<figure class=\"wp-block-image size-large\"><img data-recalc-dims=\"1\" decoding=\"async\" width=\"497\" height=\"730\" data-src=\"https:\/\/i0.wp.com\/elterritorialweb.com.ar\/web\/wp-content\/uploads\/2020\/08\/sumampa-detenidos.jpg?resize=497%2C730\" alt=\"\" class=\"wp-image-9510 lazyload\" data-srcset=\"https:\/\/i0.wp.com\/elterritorialweb.com.ar\/web\/wp-content\/uploads\/2020\/08\/sumampa-detenidos.jpg?w=497&amp;ssl=1 497w, https:\/\/i0.wp.com\/elterritorialweb.com.ar\/web\/wp-content\/uploads\/2020\/08\/sumampa-detenidos.jpg?resize=204%2C300&amp;ssl=1 204w\" data-sizes=\"(max-width: 497px) 100vw, 497px\" src=\"data:image\/svg+xml;base64,PHN2ZyB3aWR0aD0iMSIgaGVpZ2h0PSIxIiB4bWxucz0iaHR0cDovL3d3dy53My5vcmcvMjAwMC9zdmciPjwvc3ZnPg==\" style=\"--smush-placeholder-width: 497px; --smush-placeholder-aspect-ratio: 497\/730;\" \/><figcaption><strong>REUNI\u00d3N FESTIVA EN SUMAMPA<\/strong><\/figcaption><\/figure>\n\n\n\n<p>En la ciudad capital hubo procedimientos en los barrios Independencia y Almirante Brown, en un cumplea\u00f1os y  una reunion clandestina, donde se detuvieron 16 personas en total, y se secuestraron bebidas alcoh\u00f3licas y una moto, y los detenidos fueron trasladados a la Escuela de P\u00f3licia y a la Escuela de Agentes respectivamente. <\/p>\n\n\n\n<figure class=\"wp-block-image size-large\"><img data-recalc-dims=\"1\" decoding=\"async\" width=\"640\" height=\"458\" data-src=\"https:\/\/i0.wp.com\/elterritorialweb.com.ar\/web\/wp-content\/uploads\/2020\/08\/barrio-independencia-detenidos.jpg?resize=640%2C458\" alt=\"\" class=\"wp-image-9511 lazyload\" data-srcset=\"https:\/\/i0.wp.com\/elterritorialweb.com.ar\/web\/wp-content\/uploads\/2020\/08\/barrio-independencia-detenidos.jpg?w=1006&amp;ssl=1 1006w, https:\/\/i0.wp.com\/elterritorialweb.com.ar\/web\/wp-content\/uploads\/2020\/08\/barrio-independencia-detenidos.jpg?resize=300%2C215&amp;ssl=1 300w, https:\/\/i0.wp.com\/elterritorialweb.com.ar\/web\/wp-content\/uploads\/2020\/08\/barrio-independencia-detenidos.jpg?resize=768%2C550&amp;ssl=1 768w\" data-sizes=\"(max-width: 640px) 100vw, 640px\" src=\"data:image\/svg+xml;base64,PHN2ZyB3aWR0aD0iMSIgaGVpZ2h0PSIxIiB4bWxucz0iaHR0cDovL3d3dy53My5vcmcvMjAwMC9zdmciPjwvc3ZnPg==\" style=\"--smush-placeholder-width: 640px; --smush-placeholder-aspect-ratio: 640\/458;\" \/><figcaption><strong>CUMPLEA\u00d1OS EN EL BARRIO INDEPENDENCIA<\/strong><\/figcaption><\/figure>\n\n\n\n<figure class=\"wp-block-image size-large\"><img data-recalc-dims=\"1\" decoding=\"async\" width=\"640\" height=\"458\" data-src=\"https:\/\/i0.wp.com\/elterritorialweb.com.ar\/web\/wp-content\/uploads\/2020\/08\/BARRIO-ALMIRANTE-DETENIDOS.jpg?resize=640%2C458\" alt=\"\" class=\"wp-image-9512 lazyload\" data-srcset=\"https:\/\/i0.wp.com\/elterritorialweb.com.ar\/web\/wp-content\/uploads\/2020\/08\/BARRIO-ALMIRANTE-DETENIDOS.jpg?w=1006&amp;ssl=1 1006w, https:\/\/i0.wp.com\/elterritorialweb.com.ar\/web\/wp-content\/uploads\/2020\/08\/BARRIO-ALMIRANTE-DETENIDOS.jpg?resize=300%2C215&amp;ssl=1 300w, https:\/\/i0.wp.com\/elterritorialweb.com.ar\/web\/wp-content\/uploads\/2020\/08\/BARRIO-ALMIRANTE-DETENIDOS.jpg?resize=768%2C550&amp;ssl=1 768w\" data-sizes=\"(max-width: 640px) 100vw, 640px\" src=\"data:image\/svg+xml;base64,PHN2ZyB3aWR0aD0iMSIgaGVpZ2h0PSIxIiB4bWxucz0iaHR0cDovL3d3dy53My5vcmcvMjAwMC9zdmciPjwvc3ZnPg==\" style=\"--smush-placeholder-width: 640px; --smush-placeholder-aspect-ratio: 640\/458;\" \/><figcaption><strong>REUNI\u00d3N CLANDESTINA EN LOS DEPARTAMENTOS DEL BARRIO ALMIRANTE BROWN<\/strong><\/figcaption><\/figure>\n\n\n\n<p>En Termas de R\u00edo Hondo en la Ruta Provincial N\u00b0 93, se detuvo a una persona en una ri\u00f1a de gallos, donde se secuestro bebidas alcoh\u00f3licas y gallos de ri\u00f1a.<\/p>\n\n\n\n<figure class=\"wp-block-image size-large\"><img data-recalc-dims=\"1\" decoding=\"async\" width=\"640\" height=\"458\" data-src=\"https:\/\/i0.wp.com\/elterritorialweb.com.ar\/web\/wp-content\/uploads\/2020\/08\/termas-detenido-ri%C3%B1a-de-gallos.jpg?resize=640%2C458\" alt=\"\" class=\"wp-image-9513 lazyload\" data-srcset=\"https:\/\/i0.wp.com\/elterritorialweb.com.ar\/web\/wp-content\/uploads\/2020\/08\/termas-detenido-ri%C3%B1a-de-gallos.jpg?w=1006&amp;ssl=1 1006w, https:\/\/i0.wp.com\/elterritorialweb.com.ar\/web\/wp-content\/uploads\/2020\/08\/termas-detenido-ri%C3%B1a-de-gallos.jpg?resize=300%2C215&amp;ssl=1 300w, https:\/\/i0.wp.com\/elterritorialweb.com.ar\/web\/wp-content\/uploads\/2020\/08\/termas-detenido-ri%C3%B1a-de-gallos.jpg?resize=768%2C550&amp;ssl=1 768w\" data-sizes=\"(max-width: 640px) 100vw, 640px\" src=\"data:image\/svg+xml;base64,PHN2ZyB3aWR0aD0iMSIgaGVpZ2h0PSIxIiB4bWxucz0iaHR0cDovL3d3dy53My5vcmcvMjAwMC9zdmciPjwvc3ZnPg==\" style=\"--smush-placeholder-width: 640px; --smush-placeholder-aspect-ratio: 640\/458;\" \/><figcaption><strong>DETENIDO EN UNA RI\u00d1A DE GALLOS EN TERMAS DE R\u00cdO HONDO<\/strong><\/figcaption><\/figure>\n\n\n\n<p>En Pellegrini se realiz\u00f3 tres procedimientos, uno donde se detuvo a 5 adolescentes en un partido de f\u00fatbol clandestino en inmediaciones a la plazoleta 2 de abril. Los adolescentes fueron entregados a sus progenitores.<\/p>\n\n\n\n<figure class=\"wp-block-image size-large\"><img data-recalc-dims=\"1\" decoding=\"async\" width=\"640\" height=\"421\" data-src=\"https:\/\/i0.wp.com\/elterritorialweb.com.ar\/web\/wp-content\/uploads\/2020\/08\/pellegrini-detenidos-adolecentes.jpg?resize=640%2C421\" alt=\"\" class=\"wp-image-9514 lazyload\" data-srcset=\"https:\/\/i0.wp.com\/elterritorialweb.com.ar\/web\/wp-content\/uploads\/2020\/08\/pellegrini-detenidos-adolecentes.jpg?w=942&amp;ssl=1 942w, https:\/\/i0.wp.com\/elterritorialweb.com.ar\/web\/wp-content\/uploads\/2020\/08\/pellegrini-detenidos-adolecentes.jpg?resize=300%2C197&amp;ssl=1 300w, https:\/\/i0.wp.com\/elterritorialweb.com.ar\/web\/wp-content\/uploads\/2020\/08\/pellegrini-detenidos-adolecentes.jpg?resize=768%2C505&amp;ssl=1 768w\" data-sizes=\"(max-width: 640px) 100vw, 640px\" src=\"data:image\/svg+xml;base64,PHN2ZyB3aWR0aD0iMSIgaGVpZ2h0PSIxIiB4bWxucz0iaHR0cDovL3d3dy53My5vcmcvMjAwMC9zdmciPjwvc3ZnPg==\" style=\"--smush-placeholder-width: 640px; --smush-placeholder-aspect-ratio: 640\/421;\" \/><\/figure>\n\n\n\n<p>El otro procedimiento fue en un cumplea\u00f1os clandestino en Quebrada, Copo, donde se detuvieron a 5 personas, y un grupo se di\u00f3 a la fuga. Secuestraron bebidas alcoh\u00f3licas.<\/p>\n\n\n\n<figure class=\"wp-block-image size-large\"><img data-recalc-dims=\"1\" decoding=\"async\" width=\"640\" height=\"458\" data-src=\"https:\/\/i0.wp.com\/elterritorialweb.com.ar\/web\/wp-content\/uploads\/2020\/08\/quebrada-copo-detenidos.jpg?resize=640%2C458\" alt=\"\" class=\"wp-image-9515 lazyload\" data-srcset=\"https:\/\/i0.wp.com\/elterritorialweb.com.ar\/web\/wp-content\/uploads\/2020\/08\/quebrada-copo-detenidos.jpg?w=1006&amp;ssl=1 1006w, https:\/\/i0.wp.com\/elterritorialweb.com.ar\/web\/wp-content\/uploads\/2020\/08\/quebrada-copo-detenidos.jpg?resize=300%2C215&amp;ssl=1 300w, https:\/\/i0.wp.com\/elterritorialweb.com.ar\/web\/wp-content\/uploads\/2020\/08\/quebrada-copo-detenidos.jpg?resize=768%2C550&amp;ssl=1 768w\" data-sizes=\"(max-width: 640px) 100vw, 640px\" src=\"data:image\/svg+xml;base64,PHN2ZyB3aWR0aD0iMSIgaGVpZ2h0PSIxIiB4bWxucz0iaHR0cDovL3d3dy53My5vcmcvMjAwMC9zdmciPjwvc3ZnPg==\" style=\"--smush-placeholder-width: 640px; --smush-placeholder-aspect-ratio: 640\/458;\" \/><\/figure>\n\n\n\n<p> En el Sauce, se detuvieron a 5 personas en una fiesta clandestina, donde secuestraron bebidas alcoh\u00f3licas.<\/p>\n\n\n\n<figure class=\"wp-block-image size-large\"><img data-recalc-dims=\"1\" decoding=\"async\" width=\"640\" height=\"458\" data-src=\"https:\/\/i0.wp.com\/elterritorialweb.com.ar\/web\/wp-content\/uploads\/2020\/08\/el-sauce-detenidos.jpg?resize=640%2C458\" alt=\"\" class=\"wp-image-9516 lazyload\" data-srcset=\"https:\/\/i0.wp.com\/elterritorialweb.com.ar\/web\/wp-content\/uploads\/2020\/08\/el-sauce-detenidos.jpg?w=1006&amp;ssl=1 1006w, https:\/\/i0.wp.com\/elterritorialweb.com.ar\/web\/wp-content\/uploads\/2020\/08\/el-sauce-detenidos.jpg?resize=300%2C215&amp;ssl=1 300w, https:\/\/i0.wp.com\/elterritorialweb.com.ar\/web\/wp-content\/uploads\/2020\/08\/el-sauce-detenidos.jpg?resize=768%2C550&amp;ssl=1 768w\" data-sizes=\"(max-width: 640px) 100vw, 640px\" src=\"data:image\/svg+xml;base64,PHN2ZyB3aWR0aD0iMSIgaGVpZ2h0PSIxIiB4bWxucz0iaHR0cDovL3d3dy53My5vcmcvMjAwMC9zdmciPjwvc3ZnPg==\" style=\"--smush-placeholder-width: 640px; --smush-placeholder-aspect-ratio: 640\/458;\" \/><figcaption><strong>FIESTA CLANDESTINA EN LA LOCALIDAD EL SAUCE<\/strong><\/figcaption><\/figure>\n\n\n\n<p>Tambi\u00e9n se registraron en Pinto, Loreto, y Termas de R\u00edo Hondo en <\/p>\n","protected":false},"excerpt":{"rendered":"<p>Tras arduos procedimientos en los distintos puntos de la provincia, se detuvo a mas de&#8230;<\/p>\n","protected":false},"author":2,"featured_media":9517,"comment_status":"open","ping_status":"open","sticky":false,"template":"","format":"standard","meta":{"om_disable_all_campaigns":false,"_monsterinsights_skip_tracking":false,"_monsterinsights_sitenote_active":false,"_monsterinsights_sitenote_note":"","_monsterinsights_sitenote_category":0,"_uf_show_specific_survey":0,"_uf_disable_surveys":false,"jetpack_post_was_ever_published":false,"_jetpack_newsletter_access":"","_jetpack_dont_email_post_to_subs":false,"_jetpack_newsletter_tier_id":0,"_jetpack_memberships_contains_paywalled_content":false,"_jetpack_memberships_contains_paid_content":false,"footnotes":"","jetpack_publicize_message":"","jetpack_publicize_feature_enabled":true,"jetpack_social_post_already_shared":false,"jetpack_social_options":{"image_generator_settings":{"template":"highway","default_image_id":0,"font":"","enabled":false},"version":2}},"categories":[21],"tags":[],"class_list":["post-9508","post","type-post","status-publish","format-standard","has-post-thumbnail","hentry","category-locales"],"aioseo_notices":[],"views":4,"jetpack_publicize_connections":[],"jetpack_featured_media_url":"https:\/\/i0.wp.com\/elterritorialweb.com.ar\/web\/wp-content\/uploads\/2020\/08\/centro-de-dtenciones.jpg?fit=1074%2C604&ssl=1","jetpack_sharing_enabled":true,"_links":{"self":[{"href":"https:\/\/elterritorialweb.com.ar\/web\/wp-json\/wp\/v2\/posts\/9508","targetHints":{"allow":["GET"]}}],"collection":[{"href":"https:\/\/elterritorialweb.com.ar\/web\/wp-json\/wp\/v2\/posts"}],"about":[{"href":"https:\/\/elterritorialweb.com.ar\/web\/wp-json\/wp\/v2\/types\/post"}],"author":[{"embeddable":true,"href":"https:\/\/elterritorialweb.com.ar\/web\/wp-json\/wp\/v2\/users\/2"}],"replies":[{"embeddable":true,"href":"https:\/\/elterritorialweb.com.ar\/web\/wp-json\/wp\/v2\/comments?post=9508"}],"version-history":[{"count":1,"href":"https:\/\/elterritorialweb.com.ar\/web\/wp-json\/wp\/v2\/posts\/9508\/revisions"}],"predecessor-version":[{"id":9518,"href":"https:\/\/elterritorialweb.com.ar\/web\/wp-json\/wp\/v2\/posts\/9508\/revisions\/9518"}],"wp:featuredmedia":[{"embeddable":true,"href":"https:\/\/elterritorialweb.com.ar\/web\/wp-json\/wp\/v2\/media\/9517"}],"wp:attachment":[{"href":"https:\/\/elterritorialweb.com.ar\/web\/wp-json\/wp\/v2\/media?parent=9508"}],"wp:term":[{"taxonomy":"category","embeddable":true,"href":"https:\/\/elterritorialweb.com.ar\/web\/wp-json\/wp\/v2\/categories?post=9508"},{"taxonomy":"post_tag","embeddable":true,"href":"https:\/\/elterritorialweb.com.ar\/web\/wp-json\/wp\/v2\/tags?post=9508"}],"curies":[{"name":"wp","href":"https:\/\/api.w.org\/{rel}","templated":true}]}}