{"id":9519,"date":"2020-08-17T17:23:54","date_gmt":"2020-08-17T17:23:54","guid":{"rendered":"http:\/\/elterritorialweb.com.ar\/web\/?p=9519"},"modified":"2020-08-17T17:27:40","modified_gmt":"2020-08-17T17:27:40","slug":"claudia-de-zamora-representa-a-nuestro-pais-en-la-13cumbre-de-mujeres-presidentas-de-parlamento","status":"publish","type":"post","link":"https:\/\/elterritorialweb.com.ar\/web\/claudia-de-zamora-representa-a-nuestro-pais-en-la-13cumbre-de-mujeres-presidentas-de-parlamento\/","title":{"rendered":"CLAUDIA DE ZAMORA REPRESENTA A NUESTRO PA\u00cdS EN LA 13\u00b0CUMBRE DE MUJERES PRESIDENTAS DE PARLAMENTO"},"content":{"rendered":"\n<p>Con el tema \u201cEl liderazgo parlamentario de las mujeres en tiempos de COVID-19 y de la recuperaci\u00f3n\u00bb, representantes de m\u00e1s de 50 pa\u00edses y de 12 organismos internacionales se encontraron en forma virtual, en el marco de un programa de actividades con el objeto de analizar las pol\u00edticas implementadas en pos de fortalecer la igualdad entre hombres y mujeres en todas las circunstancias, bas\u00e1ndose en el 25\u00ba aniversario de la Declaraci\u00f3n y la Plataforma de Acci\u00f3n de Beijing.<br>La senadora Zamora disertar\u00e1 sobre \u00abSexismo, acoso y otras formas de violencia\u00bb durante la segunda jornada del evento, junto a las presidentas parlamentarias de Noruega, M\u00e9xico y Madagascar. La Cumbre abordar\u00e1 tambi\u00e9n, entre sus temas prioritarios, la gesti\u00f3n de las situaciones de emergencia, y el empoderamiento econ\u00f3mico e inclusi\u00f3n financiera de las mujeres.&nbsp;<br>Concluida la 13\u00aa Cumbre, el 19 y 20 de agosto se llevar\u00e1 adelante la Quinta Conferencia Mundial de Presidentes de Parlamento, que reunir\u00e1 l\u00edderes parlamentarios de todo el mundo y en la que la senadora expondr\u00e1 en el panel dedicado a los desaf\u00edos, oportunidades y soluciones en materia de movilidad humana.<\/p>\n\n\n\n<figure class=\"wp-block-embed-youtube wp-block-embed is-type-video is-provider-youtube wp-embed-aspect-4-3 wp-has-aspect-ratio\"><div class=\"wp-block-embed__wrapper\">\n<iframe title=\"Ms. Claudia Ledesma Abdala de Zamora, Speaker of the Senate, Argentina\" width=\"640\" height=\"480\" data-src=\"https:\/\/www.youtube.com\/embed\/pPuOr-ylegY?feature=oembed\" frameborder=\"0\" allow=\"accelerometer; autoplay; clipboard-write; encrypted-media; gyroscope; picture-in-picture; web-share\" referrerpolicy=\"strict-origin-when-cross-origin\" allowfullscreen src=\"data:image\/svg+xml;base64,PHN2ZyB3aWR0aD0iMSIgaGVpZ2h0PSIxIiB4bWxucz0iaHR0cDovL3d3dy53My5vcmcvMjAwMC9zdmciPjwvc3ZnPg==\" class=\"lazyload\" data-load-mode=\"1\"><\/iframe>\n<\/div><\/figure>\n","protected":false},"excerpt":{"rendered":"<p>La presidenta Provisional del Senado, Claudia Ledesma Abdala de Zamora, se encuentra participando de la 13\u00aa Cumbre de Mujeres Presidentas de Parlamento, que comenz\u00f3 a desarrollarse esta ma\u00f1ana y es organizada por la Uni\u00f3n Interparlamentaria (UIP), Naciones Unidas y el Parlamento austr\u00edaco.<\/p>\n","protected":false},"author":2,"featured_media":9520,"comment_status":"open","ping_status":"open","sticky":false,"template":"","format":"standard","meta":{"om_disable_all_campaigns":false,"_monsterinsights_skip_tracking":false,"_monsterinsights_sitenote_active":false,"_monsterinsights_sitenote_note":"","_monsterinsights_sitenote_category":0,"_uf_show_specific_survey":0,"_uf_disable_surveys":false,"jetpack_post_was_ever_published":false,"_jetpack_newsletter_access":"","_jetpack_dont_email_post_to_subs":false,"_jetpack_newsletter_tier_id":0,"_jetpack_memberships_contains_paywalled_content":false,"_jetpack_memberships_contains_paid_content":false,"footnotes":"","jetpack_publicize_message":"","jetpack_publicize_feature_enabled":true,"jetpack_social_post_already_shared":false,"jetpack_social_options":{"image_generator_settings":{"template":"highway","default_image_id":0,"font":"","enabled":false},"version":2}},"categories":[7],"tags":[],"class_list":["post-9519","post","type-post","status-publish","format-standard","has-post-thumbnail","hentry","category-nacionales"],"aioseo_notices":[],"views":17,"jetpack_publicize_connections":[],"jetpack_featured_media_url":"https:\/\/i0.wp.com\/elterritorialweb.com.ar\/web\/wp-content\/uploads\/2020\/08\/mujeres-presidentas-.jpg?fit=1280%2C853&ssl=1","jetpack_sharing_enabled":true,"_links":{"self":[{"href":"https:\/\/elterritorialweb.com.ar\/web\/wp-json\/wp\/v2\/posts\/9519","targetHints":{"allow":["GET"]}}],"collection":[{"href":"https:\/\/elterritorialweb.com.ar\/web\/wp-json\/wp\/v2\/posts"}],"about":[{"href":"https:\/\/elterritorialweb.com.ar\/web\/wp-json\/wp\/v2\/types\/post"}],"author":[{"embeddable":true,"href":"https:\/\/elterritorialweb.com.ar\/web\/wp-json\/wp\/v2\/users\/2"}],"replies":[{"embeddable":true,"href":"https:\/\/elterritorialweb.com.ar\/web\/wp-json\/wp\/v2\/comments?post=9519"}],"version-history":[{"count":2,"href":"https:\/\/elterritorialweb.com.ar\/web\/wp-json\/wp\/v2\/posts\/9519\/revisions"}],"predecessor-version":[{"id":9523,"href":"https:\/\/elterritorialweb.com.ar\/web\/wp-json\/wp\/v2\/posts\/9519\/revisions\/9523"}],"wp:featuredmedia":[{"embeddable":true,"href":"https:\/\/elterritorialweb.com.ar\/web\/wp-json\/wp\/v2\/media\/9520"}],"wp:attachment":[{"href":"https:\/\/elterritorialweb.com.ar\/web\/wp-json\/wp\/v2\/media?parent=9519"}],"wp:term":[{"taxonomy":"category","embeddable":true,"href":"https:\/\/elterritorialweb.com.ar\/web\/wp-json\/wp\/v2\/categories?post=9519"},{"taxonomy":"post_tag","embeddable":true,"href":"https:\/\/elterritorialweb.com.ar\/web\/wp-json\/wp\/v2\/tags?post=9519"}],"curies":[{"name":"wp","href":"https:\/\/api.w.org\/{rel}","templated":true}]}}