{"id":9524,"date":"2020-08-17T17:46:28","date_gmt":"2020-08-17T17:46:28","guid":{"rendered":"http:\/\/elterritorialweb.com.ar\/web\/?p=9524"},"modified":"2020-08-17T17:46:29","modified_gmt":"2020-08-17T17:46:29","slug":"17-de-agosto-aniversario-de-la-muerte-del-general-jose-de-san-martin","status":"publish","type":"post","link":"https:\/\/elterritorialweb.com.ar\/web\/17-de-agosto-aniversario-de-la-muerte-del-general-jose-de-san-martin\/","title":{"rendered":"17 DE AGOSTO \u00abANIVERSARIO DE LA MUERTE DEL GENERAL JOS\u00c9 DE SAN MART\u00cdN\u00bb"},"content":{"rendered":"\n<p>Nace el 25 de febrero de 1778, en el pueblo de Nuestra Se\u00f1ora de los Reyes Magos de Yapey\u00fa, en la actual provincia de Corrientes, a orillas del r\u00edo Uruguay. Sus padres eran espa\u00f1oles y se llamaban Juan de San Mart\u00edn y Gregoria Matorras. Tuvo una hermana y tres hermanos: Mar\u00eda Helena, Manuel Tadeo, Juan Ferm\u00edn y Justo Rufino.1784: Viaja a Espa\u00f1a con toda su familia y se radican en la ciudad de M\u00e1laga, en C\u00e1diz.<br>1785: Ingresa al Seminario de Nobles, donde aprendi\u00f3 artes, matem\u00e1tica y filosof\u00eda, y comenz\u00f3 a apasionarse por la esgrima.<br>1789: Ingresa como cadete al Regimiento de Infanter\u00eda de Murcia.<br>1791: Tiene su \u201cbautismo de fuego\u201d a los 13 a\u00f1os: su primera batalla es en Or\u00e1n, al Norte de \u00c1frica, contra los moros. Luego participa en varios combates contra las tropas del emperador franc\u00e9s Napole\u00f3n Bonaparte. En 1798, a bordo de la fragata Dorotea, es tomado prisionero por los ingleses, pero es canjeado a los espa\u00f1oles por otros prisioneros. Entre 1801 y 1807, siempre en las filas espa\u00f1olas, participa en la guerra contra Portugal.<br>1808: Se destaca al frente de una compa\u00f1\u00eda de H\u00fasares contra las fuerzas francesas. Participa en la batalla de Bail\u00e9n, en la que el ej\u00e9rcito espa\u00f1ol vence a los franceses. En el mes de julio es ascendido a coronel y recibe una medalla de oro por su hero\u00edsmo.<br>1811: El 16 de mayo lucha por \u00faltima vez en el ej\u00e9rcito espa\u00f1ol, en la batalla de Albuera.<br>1812: Regresa a Buenos Aires. El Triunvirato le reconoce el grado de teniente coronel y le encomienda la formaci\u00f3n de un escuadr\u00f3n de granaderos a caballo. San Mart\u00edn eligi\u00f3 con mucho cuidado a sus soldados y hasta trajo a un grupo de paisanos de Yapey\u00fa, su pueblo natal. Estableci\u00f3 un severo c\u00f3digo de honor, una estricta disciplina militar, una impecable organizaci\u00f3n y se ocup\u00f3 personalmente de la instrucci\u00f3n de sus soldados. Tambi\u00e9n form\u00f3 y presidi\u00f3 la Logia Lautaro en Buenos Aires.<br>Se casa con Remedios de Escalada.<br>Mar\u00eda Remedios de Escalada<br>1813: Triunfa en el combate de San Lorenzo y es designado Mayor General del Ej\u00e9rcito Auxiliar del Alto Per\u00fa. En esta batalla, San Mart\u00edn estuvo a punto de morir al quedar atrapado debajo de su caballo y en el momento en que un soldado realista se dirig\u00eda hacia \u00e9l para atravesarlo con su bayoneta el granadero Juan Bautista Cabral se interpuso, salvando la vida de su jefe y muriendo en esa acci\u00f3n.<br>Batalla de San Lorenzo<br>1814: En Yatasto, un pueblo ubicado entre Salta y Tucum\u00e1n, Manuel Belgrano entrega a San Mart\u00edn el mando del Ej\u00e9rcito del Norte. Es nombrado Gobernador de Cuyo por el Director Supremo Gervasio de Posadas. Su condici\u00f3n de Gobernador le permiti\u00f3 dictar un decreto que impon\u00eda el servicio militar obligatorio, y as\u00ed empezar\u00eda a formar la base del Ej\u00e9rcito de los Andes. Toda la poblaci\u00f3n colaboraba con la formaci\u00f3n del Ej\u00e9rcito de los Andes. Donaban mulas, caballos, armas. Las damas mendocinas confeccionaron los uniformes y la bandera.<br>1816: Nace su \u00fanica hija: Mercedes Tomasa. Es designado General en Jefe del Ej\u00e9rcito de los Andes, que estaba integrado en total por 5200 soldados, 3 generales, 28 jefes de batall\u00f3n, 207 oficiales y 15 empleados civiles. Adem\u00e1s, ten\u00eda casi 10000 mulas, 1500 caballos, 18 ca\u00f1ones, 6000 fusiles, 1129 sables y 700 reses para alimentarse.<br>Bandera de los Andes<br>Cruce de los Andes<br>1817: Comienza en enero el hist\u00f3rico cruce de la Cordillera de los Andes. Se realiz\u00f3 por seis pasos diferentes, desde la partida del campamento desde El Plumerillo entre el 18 y el 20 de enero de 1817. San Mart\u00edn eligi\u00f3 esa \u00e9poca porque en el verano las temperaturas no son tan bajas y la nieve disminuye.<br>Los pasos por los que se cruz\u00f3 fueron: Los Patos, Guana, Uspallata, del Portillo, del Planch\u00f3n y Comecaballos. La traves\u00eda dur\u00f3 15 d\u00edas y la mayor\u00eda de los soldados sufrieron por la altura (que llegaba a los 5000 metros en algunos casos) v\u00f3mitos y mareos. El 12 de febrero vence a los espa\u00f1oles en la batalla de Chacabuco. El 14 de febrero San Mart\u00edn entr\u00f3 en Santiago y fue nombrado Gobernador de Chile, por decisi\u00f3n de un Cabildo Abierto. No acept\u00f3 el nombramiento, que recay\u00f3 finalmente en Bernardo de O\u00b4Higgins.<br>1818: El 12 de Febrero se proclama la independencia de Chile. El 19 de marzo es derrotado en Cancha Rayada. El 5 de abril, vence en los campos de Maip\u00fa y permite consolidar la independencia chilena. Regres\u00f3 a Buenos Aires para buscar apoyo econ\u00f3mico para su campa\u00f1a al Per\u00fa. Pero gracias a las luchas internas entre el poder central y los caudillos provinciales, no logr\u00f3 lo que solicitaba. Peor a\u00fan, el Directorio le orden\u00f3 en dos oportunidades trasladar sus tropas para luchar contra los caudillos, pero San Mart\u00edn se neg\u00f3 porque se opon\u00eda a participar con su ej\u00e9rcito de una guerra entre hermanos.<br>Batalla de Maip\u00fa<br>1820: En abril los generales lo reconocen como Jefe \u00fanico en la firma del Acta de Rancagua, y lo nombran General\u00edsimo de la Expedici\u00f3n al Per\u00fa. El 20 de agosto parte de Valpara\u00edso la flota que, navegando por el Pac\u00edfico, llegar\u00eda a Per\u00fa. Estaba integrada por 8 buques, 1600 tripulantes y alimentos para 6 meses. A la vez, se trasladaba por tierra un ej\u00e9rcito de 4000 soldados. El 8 de septiembre desembarcaron en la Bah\u00eda de Paracas y ese mismo d\u00eda San Mart\u00edn proclam\u00f3 la independencia del Per\u00fa y cre\u00f3 la bandera peruana<br>1821: El 10 de julio entra en Lima, el d\u00eda 28 proclama la Independencia del Per\u00fa y en agosto asume el gobierno con el t\u00edtulo de Protector del Per\u00fa. Decret\u00f3 la libertad de los indios y de los hijos de esclavos, asegur\u00f3 la libertad de imprenta, prohibi\u00f3 los tormentos y dict\u00f3 el Estatuto Provisional para gobernar el Per\u00fa.<br>1822: El 27 de julio se entrevista con Sim\u00f3n Bol\u00edvar en la ciudad de Guayaquil (Ecuador). El 24 de agosto, en Per\u00fa, renuncia a su vida p\u00fablica. En septiembre renuncia al cargo de Protector del Per\u00fa y culmina su brillante campa\u00f1a militar. San Mart\u00edn al retirarse declara: \u00abPresenci\u00e9 la declaraci\u00f3n de la independencia del Per\u00fa [\u2026] obra en mi poder el estandarte que trajo Pizarro para esclavizar el imperio de los Incas [\u2026] mis promesas para con los pueblos que hice la guerra est\u00e1n cumplidas [\u2026] he dejado de ser un hombre p\u00fablico\u2026\u201d<br>1823: El 3 de agosto muere en Buenos Aires su esposa, Remedios de Escalada.<br>1824: Bol\u00edvar triunfa en Jun\u00edn y Ayacucho, y da por terminada la guerra de la emancipaci\u00f3n americana. El Alto Per\u00fa tambi\u00e9n hab\u00eda sido libertado, tomando el nombre de Rep\u00fablica de Bol\u00edvar, actualmente Bolivia. San Mart\u00edn se embarca con su hija Mercedes rumbo a Europa. Luego de una breve estada en Inglaterra, se establece en Bruselas.<br>1829: Regresa a Am\u00e9rica. Al llegar a Montevideo tiene informaci\u00f3n de las luchas civiles. Se niega a desembarcar en su patria dividida, rechazando los ofrecimientos de gobernar que se le hicieron y regresa a Europa. Se establece en Grand Bourg, cerca de Par\u00eds, Francia, junto a su hija, su yerno Mariano Balcarce y sus dos nietitas. All\u00ed recibi\u00f3 varios visitantes ilustres, como Florencio Varela, Domingo F. Sarmiento y Juan Bautista Alberdi.<br>1838: Con motivo del bloqueo franc\u00e9s al puerto de Buenos Aires, le ofreci\u00f3 al entonces gobernador Juan Manuel de Rosas sus servicios. Rosas le agradeci\u00f3 el gesto. San mart\u00edn ten\u00eda 60 a\u00f1os.<br>1848: Se traslada a Boulogne-sur-Mer (Francia).<br>1850: El 17 de agosto, a las 15 horas, muere a los 72 a\u00f1os en su casa de Boulogne-sur-Me<\/p>\n","protected":false},"excerpt":{"rendered":"<p>A 170 a\u00f1os de la muerte de Jos\u00e9 de San Mart\u00edn, repasamos la vida de la mayor figura de nuestra historia, que naci\u00f3 en nuestro territorio, pero tempranamente se march\u00f3 a a Espa\u00f1a, donde se uni\u00f3 al ej\u00e9rcito, y reci\u00e9n regres\u00f3 a Buenos Aires a los 34 a\u00f1os.<\/p>\n","protected":false},"author":2,"featured_media":9525,"comment_status":"open","ping_status":"open","sticky":false,"template":"","format":"standard","meta":{"om_disable_all_campaigns":false,"_monsterinsights_skip_tracking":false,"_monsterinsights_sitenote_active":false,"_monsterinsights_sitenote_note":"","_monsterinsights_sitenote_category":0,"_uf_show_specific_survey":0,"_uf_disable_surveys":false,"jetpack_post_was_ever_published":false,"_jetpack_newsletter_access":"","_jetpack_dont_email_post_to_subs":false,"_jetpack_newsletter_tier_id":0,"_jetpack_memberships_contains_paywalled_content":false,"_jetpack_memberships_contains_paid_content":false,"footnotes":"","jetpack_publicize_message":"","jetpack_publicize_feature_enabled":true,"jetpack_social_post_already_shared":false,"jetpack_social_options":{"image_generator_settings":{"template":"highway","default_image_id":0,"font":"","enabled":false},"version":2}},"categories":[19],"tags":[],"class_list":["post-9524","post","type-post","status-publish","format-standard","has-post-thumbnail","hentry","category-educacion"],"aioseo_notices":[],"views":9,"jetpack_publicize_connections":[],"jetpack_featured_media_url":"https:\/\/i0.wp.com\/elterritorialweb.com.ar\/web\/wp-content\/uploads\/2020\/08\/JOSE-DE-N-MARTIN.jpg?fit=810%2C810&ssl=1","jetpack_sharing_enabled":true,"_links":{"self":[{"href":"https:\/\/elterritorialweb.com.ar\/web\/wp-json\/wp\/v2\/posts\/9524","targetHints":{"allow":["GET"]}}],"collection":[{"href":"https:\/\/elterritorialweb.com.ar\/web\/wp-json\/wp\/v2\/posts"}],"about":[{"href":"https:\/\/elterritorialweb.com.ar\/web\/wp-json\/wp\/v2\/types\/post"}],"author":[{"embeddable":true,"href":"https:\/\/elterritorialweb.com.ar\/web\/wp-json\/wp\/v2\/users\/2"}],"replies":[{"embeddable":true,"href":"https:\/\/elterritorialweb.com.ar\/web\/wp-json\/wp\/v2\/comments?post=9524"}],"version-history":[{"count":1,"href":"https:\/\/elterritorialweb.com.ar\/web\/wp-json\/wp\/v2\/posts\/9524\/revisions"}],"predecessor-version":[{"id":9526,"href":"https:\/\/elterritorialweb.com.ar\/web\/wp-json\/wp\/v2\/posts\/9524\/revisions\/9526"}],"wp:featuredmedia":[{"embeddable":true,"href":"https:\/\/elterritorialweb.com.ar\/web\/wp-json\/wp\/v2\/media\/9525"}],"wp:attachment":[{"href":"https:\/\/elterritorialweb.com.ar\/web\/wp-json\/wp\/v2\/media?parent=9524"}],"wp:term":[{"taxonomy":"category","embeddable":true,"href":"https:\/\/elterritorialweb.com.ar\/web\/wp-json\/wp\/v2\/categories?post=9524"},{"taxonomy":"post_tag","embeddable":true,"href":"https:\/\/elterritorialweb.com.ar\/web\/wp-json\/wp\/v2\/tags?post=9524"}],"curies":[{"name":"wp","href":"https:\/\/api.w.org\/{rel}","templated":true}]}}