{"id":9527,"date":"2020-08-17T17:56:50","date_gmt":"2020-08-17T17:56:50","guid":{"rendered":"http:\/\/elterritorialweb.com.ar\/web\/?p=9527"},"modified":"2020-08-17T17:57:59","modified_gmt":"2020-08-17T17:57:59","slug":"frias-acto-conmemorativo-en-un-nuevo-aniversario-del-fallecimiento-del-padre-de-la-patria","status":"publish","type":"post","link":"https:\/\/elterritorialweb.com.ar\/web\/frias-acto-conmemorativo-en-un-nuevo-aniversario-del-fallecimiento-del-padre-de-la-patria\/","title":{"rendered":"FR\u00cdAS: ACTO CONMEMORATIVO EN UN NUEVO ANIVERSARIO DEL FALLECIMIENTO DEL PADRE DE LA PATRIA"},"content":{"rendered":"\n<p>FR\u00cdAS<\/p>\n\n\n\n<p>El intendente de Fr\u00edas Dr. Astor An\u00edbal Padula encabez\u00f3 la ceremonia oficial por el Aniversario N\u00b0 170 del fallecimiento del General San Mart\u00edn en la plazoleta que lleva su nombre en el Barrio Oeste de la Ciudad de Fr\u00edas.<\/p>\n\n\n\n<figure class=\"wp-block-image size-large\"><img data-recalc-dims=\"1\" decoding=\"async\" width=\"640\" height=\"360\" data-src=\"https:\/\/i0.wp.com\/elterritorialweb.com.ar\/web\/wp-content\/uploads\/2020\/08\/FRIAS-ACTO-SAN-MARTIN-1.jpg?resize=640%2C360\" alt=\"\" class=\"wp-image-9529 lazyload\" data-srcset=\"https:\/\/i0.wp.com\/elterritorialweb.com.ar\/web\/wp-content\/uploads\/2020\/08\/FRIAS-ACTO-SAN-MARTIN-1.jpg?w=960&amp;ssl=1 960w, https:\/\/i0.wp.com\/elterritorialweb.com.ar\/web\/wp-content\/uploads\/2020\/08\/FRIAS-ACTO-SAN-MARTIN-1.jpg?resize=300%2C169&amp;ssl=1 300w, https:\/\/i0.wp.com\/elterritorialweb.com.ar\/web\/wp-content\/uploads\/2020\/08\/FRIAS-ACTO-SAN-MARTIN-1.jpg?resize=768%2C432&amp;ssl=1 768w\" data-sizes=\"(max-width: 640px) 100vw, 640px\" src=\"data:image\/svg+xml;base64,PHN2ZyB3aWR0aD0iMSIgaGVpZ2h0PSIxIiB4bWxucz0iaHR0cDovL3d3dy53My5vcmcvMjAwMC9zdmciPjwvc3ZnPg==\" style=\"--smush-placeholder-width: 640px; --smush-placeholder-aspect-ratio: 640\/360;\" \/><\/figure>\n\n\n\n<p>De la ceremonia particip\u00f3 tambi\u00e9n el Vice Presidente Primero del Honorable Concejo Deliberante Dr. Bruno Brunetti, funcionarios municipales y el Defensor del Pueblo de la Ciudad<\/p>\n\n\n\n<figure class=\"wp-block-image size-large\"><img data-recalc-dims=\"1\" decoding=\"async\" width=\"640\" height=\"427\" data-src=\"https:\/\/i0.wp.com\/elterritorialweb.com.ar\/web\/wp-content\/uploads\/2020\/08\/FRIAS-ACTO-SAN-MARTIN-2.jpg?resize=640%2C427\" alt=\"\" class=\"wp-image-9530 lazyload\" data-srcset=\"https:\/\/i0.wp.com\/elterritorialweb.com.ar\/web\/wp-content\/uploads\/2020\/08\/FRIAS-ACTO-SAN-MARTIN-2.jpg?w=810&amp;ssl=1 810w, https:\/\/i0.wp.com\/elterritorialweb.com.ar\/web\/wp-content\/uploads\/2020\/08\/FRIAS-ACTO-SAN-MARTIN-2.jpg?resize=300%2C200&amp;ssl=1 300w, https:\/\/i0.wp.com\/elterritorialweb.com.ar\/web\/wp-content\/uploads\/2020\/08\/FRIAS-ACTO-SAN-MARTIN-2.jpg?resize=768%2C512&amp;ssl=1 768w, https:\/\/i0.wp.com\/elterritorialweb.com.ar\/web\/wp-content\/uploads\/2020\/08\/FRIAS-ACTO-SAN-MARTIN-2.jpg?resize=675%2C450&amp;ssl=1 675w\" data-sizes=\"(max-width: 640px) 100vw, 640px\" src=\"data:image\/svg+xml;base64,PHN2ZyB3aWR0aD0iMSIgaGVpZ2h0PSIxIiB4bWxucz0iaHR0cDovL3d3dy53My5vcmcvMjAwMC9zdmciPjwvc3ZnPg==\" style=\"--smush-placeholder-width: 640px; --smush-placeholder-aspect-ratio: 640\/427;\" \/><\/figure>\n\n\n\n<p>En primer lugar se llev\u00f3 a cabo el izamiento de la ense\u00f1a patria, junto a las banderas de la Provincia y Municipal, inmediatamente las autoridades presentes realizaron las ofrendas florales correspondientes.<\/p>\n\n\n\n<figure class=\"wp-block-image size-large\"><img data-recalc-dims=\"1\" decoding=\"async\" width=\"540\" height=\"810\" data-src=\"https:\/\/i0.wp.com\/elterritorialweb.com.ar\/web\/wp-content\/uploads\/2020\/08\/FRIAS-ACTO-SAN-MARTIN.jpg?resize=540%2C810\" alt=\"\" class=\"wp-image-9528 lazyload\" data-srcset=\"https:\/\/i0.wp.com\/elterritorialweb.com.ar\/web\/wp-content\/uploads\/2020\/08\/FRIAS-ACTO-SAN-MARTIN.jpg?w=540&amp;ssl=1 540w, https:\/\/i0.wp.com\/elterritorialweb.com.ar\/web\/wp-content\/uploads\/2020\/08\/FRIAS-ACTO-SAN-MARTIN.jpg?resize=200%2C300&amp;ssl=1 200w\" data-sizes=\"(max-width: 540px) 100vw, 540px\" src=\"data:image\/svg+xml;base64,PHN2ZyB3aWR0aD0iMSIgaGVpZ2h0PSIxIiB4bWxucz0iaHR0cDovL3d3dy53My5vcmcvMjAwMC9zdmciPjwvc3ZnPg==\" style=\"--smush-placeholder-width: 540px; --smush-placeholder-aspect-ratio: 540\/810;\" \/><\/figure>\n\n\n\n<p>La breve ceremonia se realiz\u00f3 bajo estricto protocolo de seguridad por la pandemia del Covid &#8211; 19.<\/p>\n","protected":false},"excerpt":{"rendered":"<p>FR\u00cdAS El intendente de Fr\u00edas Dr. Astor An\u00edbal Padula encabez\u00f3 la ceremonia oficial por el&#8230;<\/p>\n","protected":false},"author":2,"featured_media":9531,"comment_status":"open","ping_status":"open","sticky":false,"template":"","format":"standard","meta":{"om_disable_all_campaigns":false,"_monsterinsights_skip_tracking":false,"_monsterinsights_sitenote_active":false,"_monsterinsights_sitenote_note":"","_monsterinsights_sitenote_category":0,"_uf_show_specific_survey":0,"_uf_disable_surveys":false,"jetpack_post_was_ever_published":false,"_jetpack_newsletter_access":"","_jetpack_dont_email_post_to_subs":false,"_jetpack_newsletter_tier_id":0,"_jetpack_memberships_contains_paywalled_content":false,"_jetpack_memberships_contains_paid_content":false,"footnotes":"","jetpack_publicize_message":"","jetpack_publicize_feature_enabled":true,"jetpack_social_post_already_shared":false,"jetpack_social_options":{"image_generator_settings":{"template":"highway","default_image_id":0,"font":"","enabled":false},"version":2}},"categories":[21],"tags":[],"class_list":["post-9527","post","type-post","status-publish","format-standard","has-post-thumbnail","hentry","category-locales"],"aioseo_notices":[],"views":4,"jetpack_publicize_connections":[],"jetpack_featured_media_url":"https:\/\/i0.wp.com\/elterritorialweb.com.ar\/web\/wp-content\/uploads\/2020\/08\/FRIAS-ACTO-SAN-MARTIN-3.jpg?fit=810%2C540&ssl=1","jetpack_sharing_enabled":true,"_links":{"self":[{"href":"https:\/\/elterritorialweb.com.ar\/web\/wp-json\/wp\/v2\/posts\/9527","targetHints":{"allow":["GET"]}}],"collection":[{"href":"https:\/\/elterritorialweb.com.ar\/web\/wp-json\/wp\/v2\/posts"}],"about":[{"href":"https:\/\/elterritorialweb.com.ar\/web\/wp-json\/wp\/v2\/types\/post"}],"author":[{"embeddable":true,"href":"https:\/\/elterritorialweb.com.ar\/web\/wp-json\/wp\/v2\/users\/2"}],"replies":[{"embeddable":true,"href":"https:\/\/elterritorialweb.com.ar\/web\/wp-json\/wp\/v2\/comments?post=9527"}],"version-history":[{"count":2,"href":"https:\/\/elterritorialweb.com.ar\/web\/wp-json\/wp\/v2\/posts\/9527\/revisions"}],"predecessor-version":[{"id":9533,"href":"https:\/\/elterritorialweb.com.ar\/web\/wp-json\/wp\/v2\/posts\/9527\/revisions\/9533"}],"wp:featuredmedia":[{"embeddable":true,"href":"https:\/\/elterritorialweb.com.ar\/web\/wp-json\/wp\/v2\/media\/9531"}],"wp:attachment":[{"href":"https:\/\/elterritorialweb.com.ar\/web\/wp-json\/wp\/v2\/media?parent=9527"}],"wp:term":[{"taxonomy":"category","embeddable":true,"href":"https:\/\/elterritorialweb.com.ar\/web\/wp-json\/wp\/v2\/categories?post=9527"},{"taxonomy":"post_tag","embeddable":true,"href":"https:\/\/elterritorialweb.com.ar\/web\/wp-json\/wp\/v2\/tags?post=9527"}],"curies":[{"name":"wp","href":"https:\/\/api.w.org\/{rel}","templated":true}]}}