{"id":9534,"date":"2020-08-17T18:37:20","date_gmt":"2020-08-17T18:37:20","guid":{"rendered":"http:\/\/elterritorialweb.com.ar\/web\/?p=9534"},"modified":"2020-08-17T18:37:22","modified_gmt":"2020-08-17T18:37:22","slug":"la-banda-mirolo-aislado-por-tener-contacto-con-un-caso-positivo-de-covid-19","status":"publish","type":"post","link":"https:\/\/elterritorialweb.com.ar\/web\/la-banda-mirolo-aislado-por-tener-contacto-con-un-caso-positivo-de-covid-19\/","title":{"rendered":"LA BANDA: MIROLO AISLADO POR TENER CONTACTO CON UN CASO POSITIVO DE COVID-19"},"content":{"rendered":"\n<p>LA BANDA<\/p>\n\n\n\n<p>Tras dar positivo de coronavirus un miembro de su equipo de trabajo, el intendente de la ciudad de La Banda, Pablo Mirolo, se autoaisl\u00f3 por prevenci\u00f3n, ya que el resultado de su hisopado dio resultado negativo.<\/p>\n\n\n\n<p>El jefe comunal eligio sus redes sociales para informar a la comunidad bande\u00f1a de la situaci\u00f3n, donde escribi\u00f3:<\/p>\n\n\n\n<p><em>\u00abQueridos bande\u00f1os y bande\u00f1as quer\u00eda informarles que un miembro de nuestro equipo ha dado positivo para COVID-19 por contacto estrecho con un familiar, esta persona se encuentra aislada y evolucionando favorablemente, cumpliendo con todas las medidas sanitarias, como tambi\u00e9n se adoptaron los mecanismos indicados para la detecci\u00f3n de otros posibles casos en el entorno familiar o laboral.<br>Por prevenci\u00f3n, los que estuvimos en contacto con esa persona nos autoaislamos hasta tener el resultado del hisopado, que en mi caso dio negativo, sin embargo me mantendr\u00e9 aislado durante unos d\u00edas para resguardar la salud de los dem\u00e1s.<br>Por \u00faltimo quiero llamar a la responsabilidad social de todos y todas, extremando las medidas de bioseguridad para evitar que este virus se propague\u00bb.<\/em><\/p>\n\n\n\n<iframe data-src=\"https:\/\/www.facebook.com\/plugins\/post.php?href=https%3A%2F%2Fwww.facebook.com%2Fmirolopablo%2Fposts%2F3338436176216379&#038;width=500\" width=\"500\" height=\"420\" style=\"border:none;overflow:hidden\" scrolling=\"no\" frameborder=\"0\" allowTransparency=\"true\" allow=\"encrypted-media\" src=\"data:image\/svg+xml;base64,PHN2ZyB3aWR0aD0iMSIgaGVpZ2h0PSIxIiB4bWxucz0iaHR0cDovL3d3dy53My5vcmcvMjAwMC9zdmciPjwvc3ZnPg==\" class=\"lazyload\" data-load-mode=\"1\"><\/iframe>\n","protected":false},"excerpt":{"rendered":"<p>MUNICIPALIDAD DE LA BANDA<\/p>\n","protected":false},"author":2,"featured_media":5305,"comment_status":"open","ping_status":"open","sticky":false,"template":"","format":"standard","meta":{"om_disable_all_campaigns":false,"_monsterinsights_skip_tracking":false,"_monsterinsights_sitenote_active":false,"_monsterinsights_sitenote_note":"","_monsterinsights_sitenote_category":0,"_uf_show_specific_survey":0,"_uf_disable_surveys":false,"jetpack_post_was_ever_published":false,"_jetpack_newsletter_access":"","_jetpack_dont_email_post_to_subs":false,"_jetpack_newsletter_tier_id":0,"_jetpack_memberships_contains_paywalled_content":false,"_jetpack_memberships_contains_paid_content":false,"footnotes":"","jetpack_publicize_message":"","jetpack_publicize_feature_enabled":true,"jetpack_social_post_already_shared":false,"jetpack_social_options":{"image_generator_settings":{"template":"highway","default_image_id":0,"font":"","enabled":false},"version":2}},"categories":[21],"tags":[],"class_list":["post-9534","post","type-post","status-publish","format-standard","has-post-thumbnail","hentry","category-locales"],"aioseo_notices":[],"views":7,"jetpack_publicize_connections":[],"jetpack_featured_media_url":"https:\/\/i0.wp.com\/elterritorialweb.com.ar\/web\/wp-content\/uploads\/2020\/05\/MIROLO-VISITA-PRESIDENCIAL.jpg?fit=1030%2C725&ssl=1","jetpack_sharing_enabled":true,"_links":{"self":[{"href":"https:\/\/elterritorialweb.com.ar\/web\/wp-json\/wp\/v2\/posts\/9534","targetHints":{"allow":["GET"]}}],"collection":[{"href":"https:\/\/elterritorialweb.com.ar\/web\/wp-json\/wp\/v2\/posts"}],"about":[{"href":"https:\/\/elterritorialweb.com.ar\/web\/wp-json\/wp\/v2\/types\/post"}],"author":[{"embeddable":true,"href":"https:\/\/elterritorialweb.com.ar\/web\/wp-json\/wp\/v2\/users\/2"}],"replies":[{"embeddable":true,"href":"https:\/\/elterritorialweb.com.ar\/web\/wp-json\/wp\/v2\/comments?post=9534"}],"version-history":[{"count":1,"href":"https:\/\/elterritorialweb.com.ar\/web\/wp-json\/wp\/v2\/posts\/9534\/revisions"}],"predecessor-version":[{"id":9535,"href":"https:\/\/elterritorialweb.com.ar\/web\/wp-json\/wp\/v2\/posts\/9534\/revisions\/9535"}],"wp:featuredmedia":[{"embeddable":true,"href":"https:\/\/elterritorialweb.com.ar\/web\/wp-json\/wp\/v2\/media\/5305"}],"wp:attachment":[{"href":"https:\/\/elterritorialweb.com.ar\/web\/wp-json\/wp\/v2\/media?parent=9534"}],"wp:term":[{"taxonomy":"category","embeddable":true,"href":"https:\/\/elterritorialweb.com.ar\/web\/wp-json\/wp\/v2\/categories?post=9534"},{"taxonomy":"post_tag","embeddable":true,"href":"https:\/\/elterritorialweb.com.ar\/web\/wp-json\/wp\/v2\/tags?post=9534"}],"curies":[{"name":"wp","href":"https:\/\/api.w.org\/{rel}","templated":true}]}}