{"id":9536,"date":"2020-08-17T19:27:37","date_gmt":"2020-08-17T19:27:37","guid":{"rendered":"http:\/\/elterritorialweb.com.ar\/web\/?p=9536"},"modified":"2020-08-17T19:33:15","modified_gmt":"2020-08-17T19:33:15","slug":"el-gobernador-gerardo-zamora-encabezo-acto-central-en-homenaje-al-general-jose-de-san-martin","status":"publish","type":"post","link":"https:\/\/elterritorialweb.com.ar\/web\/el-gobernador-gerardo-zamora-encabezo-acto-central-en-homenaje-al-general-jose-de-san-martin\/","title":{"rendered":"EL GOBERNADOR GERARDO ZAMORA ENCABEZ\u00d3 ACTO CENTRAL EN HOMENAJE AL GENERAL JOS\u00c9 DE SAN MART\u00cdN"},"content":{"rendered":"\n<p>Al cumplirse un nuevo aniversario del fallecimiento del General Jos\u00e9 de San Martin; el Gobernador, Dr. Gerardo Zamora encabez\u00f3 el breve acto protocolar, acompa\u00f1ado del vicegobernador, Dr. Carlos Silva Neder y el\u00a0presidente\u00a0del Superior Tribunal\u00a0de\u00a0Justicia, Dr. Eduardo Federico L\u00f3pez Alzogaray. Tambi\u00e9n estuvieron integrantes del\u00a0cuerpo de Patricios Santiague\u00f1os de la Polic\u00eda de la provincia.<br>Cumpliendo con todos los protocolos de distanciamiento y uso de barbijo,<br>que exige la pandemia del covid 19, se procedi\u00f3 a la colocaci\u00f3n de una ofrenda floral al pie del monumento al Padre de la Patria.<\/p>\n\n\n\n<figure class=\"wp-block-image size-large\"><img data-recalc-dims=\"1\" decoding=\"async\" width=\"640\" height=\"512\" data-src=\"https:\/\/i0.wp.com\/elterritorialweb.com.ar\/web\/wp-content\/uploads\/2020\/08\/acto-.jpg?resize=640%2C512\" alt=\"\" class=\"wp-image-9537 lazyload\" data-srcset=\"https:\/\/i0.wp.com\/elterritorialweb.com.ar\/web\/wp-content\/uploads\/2020\/08\/acto-.jpg?resize=1024%2C819&amp;ssl=1 1024w, https:\/\/i0.wp.com\/elterritorialweb.com.ar\/web\/wp-content\/uploads\/2020\/08\/acto-.jpg?resize=300%2C240&amp;ssl=1 300w, https:\/\/i0.wp.com\/elterritorialweb.com.ar\/web\/wp-content\/uploads\/2020\/08\/acto-.jpg?resize=768%2C614&amp;ssl=1 768w, https:\/\/i0.wp.com\/elterritorialweb.com.ar\/web\/wp-content\/uploads\/2020\/08\/acto-.jpg?resize=1536%2C1228&amp;ssl=1 1536w, https:\/\/i0.wp.com\/elterritorialweb.com.ar\/web\/wp-content\/uploads\/2020\/08\/acto-.jpg?w=1800&amp;ssl=1 1800w, https:\/\/i0.wp.com\/elterritorialweb.com.ar\/web\/wp-content\/uploads\/2020\/08\/acto-.jpg?w=1280 1280w\" data-sizes=\"(max-width: 640px) 100vw, 640px\" src=\"data:image\/svg+xml;base64,PHN2ZyB3aWR0aD0iMSIgaGVpZ2h0PSIxIiB4bWxucz0iaHR0cDovL3d3dy53My5vcmcvMjAwMC9zdmciPjwvc3ZnPg==\" style=\"--smush-placeholder-width: 640px; --smush-placeholder-aspect-ratio: 640\/512;\" \/><\/figure>\n\n\n\n<p>Al finalizar el acto central por el 170\u00aa aniversario del fallecimiento del General Jos\u00e9 de San Martin, el Gobernador Gerardo Zamora dialogo con los medios de comunicaci\u00f3n, expresando \u201cen una realidad dif\u00edcil que vivimos la figura de San Martin se exalta, se agiganta\u201d y reflexion\u00f3 \u201cel Padre de la Patria, Libertador de Am\u00e9rica tiene un significado muy importante, que siempre fue la uni\u00f3n de los argentinos\u201d.<br>El primer mandatario provincial agreg\u00f3 \u201chumildemente lo venimos a homenajear hoy en nombre del pueblo de Santiago del Estero y de esta patria profunda tambi\u00e9n que esperemos pueda seguir ese legado que dejo San Martin y rogar a Dios que nos acompa\u00f1e e ilumine a todos\u201d<\/p>\n","protected":false},"excerpt":{"rendered":"<p>Al cumplirse un nuevo aniversario del fallecimiento del General Jos\u00e9 de San Martin; el Gobernador,&#8230;<\/p>\n","protected":false},"author":2,"featured_media":9538,"comment_status":"open","ping_status":"open","sticky":false,"template":"","format":"standard","meta":{"om_disable_all_campaigns":false,"_monsterinsights_skip_tracking":false,"_monsterinsights_sitenote_active":false,"_monsterinsights_sitenote_note":"","_monsterinsights_sitenote_category":0,"_uf_show_specific_survey":0,"_uf_disable_surveys":false,"jetpack_post_was_ever_published":false,"_jetpack_newsletter_access":"","_jetpack_dont_email_post_to_subs":false,"_jetpack_newsletter_tier_id":0,"_jetpack_memberships_contains_paywalled_content":false,"_jetpack_memberships_contains_paid_content":false,"footnotes":"","jetpack_publicize_message":"","jetpack_publicize_feature_enabled":true,"jetpack_social_post_already_shared":false,"jetpack_social_options":{"image_generator_settings":{"template":"highway","default_image_id":0,"font":"","enabled":false},"version":2}},"categories":[21],"tags":[],"class_list":["post-9536","post","type-post","status-publish","format-standard","has-post-thumbnail","hentry","category-locales"],"aioseo_notices":[],"views":6,"jetpack_publicize_connections":[],"jetpack_featured_media_url":"https:\/\/i0.wp.com\/elterritorialweb.com.ar\/web\/wp-content\/uploads\/2020\/08\/acto-2-1.jpg?fit=2248%2C1500&ssl=1","jetpack_sharing_enabled":true,"_links":{"self":[{"href":"https:\/\/elterritorialweb.com.ar\/web\/wp-json\/wp\/v2\/posts\/9536","targetHints":{"allow":["GET"]}}],"collection":[{"href":"https:\/\/elterritorialweb.com.ar\/web\/wp-json\/wp\/v2\/posts"}],"about":[{"href":"https:\/\/elterritorialweb.com.ar\/web\/wp-json\/wp\/v2\/types\/post"}],"author":[{"embeddable":true,"href":"https:\/\/elterritorialweb.com.ar\/web\/wp-json\/wp\/v2\/users\/2"}],"replies":[{"embeddable":true,"href":"https:\/\/elterritorialweb.com.ar\/web\/wp-json\/wp\/v2\/comments?post=9536"}],"version-history":[{"count":2,"href":"https:\/\/elterritorialweb.com.ar\/web\/wp-json\/wp\/v2\/posts\/9536\/revisions"}],"predecessor-version":[{"id":9541,"href":"https:\/\/elterritorialweb.com.ar\/web\/wp-json\/wp\/v2\/posts\/9536\/revisions\/9541"}],"wp:featuredmedia":[{"embeddable":true,"href":"https:\/\/elterritorialweb.com.ar\/web\/wp-json\/wp\/v2\/media\/9538"}],"wp:attachment":[{"href":"https:\/\/elterritorialweb.com.ar\/web\/wp-json\/wp\/v2\/media?parent=9536"}],"wp:term":[{"taxonomy":"category","embeddable":true,"href":"https:\/\/elterritorialweb.com.ar\/web\/wp-json\/wp\/v2\/categories?post=9536"},{"taxonomy":"post_tag","embeddable":true,"href":"https:\/\/elterritorialweb.com.ar\/web\/wp-json\/wp\/v2\/tags?post=9536"}],"curies":[{"name":"wp","href":"https:\/\/api.w.org\/{rel}","templated":true}]}}