{"id":9545,"date":"2020-08-17T20:38:20","date_gmt":"2020-08-17T20:38:20","guid":{"rendered":"http:\/\/elterritorialweb.com.ar\/web\/?p=9545"},"modified":"2020-08-17T20:38:21","modified_gmt":"2020-08-17T20:38:21","slug":"la-banda-el-edificio-comunal-permanecera-cerrado-este-martes-por-desinfeccion","status":"publish","type":"post","link":"https:\/\/elterritorialweb.com.ar\/web\/la-banda-el-edificio-comunal-permanecera-cerrado-este-martes-por-desinfeccion\/","title":{"rendered":"LA BANDA: EL EDIFICIO COMUNAL PERMANECER\u00c1 CERRADO ESTE MARTES POR DESINFECCI\u00d3N"},"content":{"rendered":"\n<p>LA BANDA<\/p>\n\n\n\n<p>A partir de la confirmaci\u00f3n de un caso positivo de COVID-19, en un miembro del gabinete municipal, el intendente Pablo Mirolo resolvi\u00f3 adoptar una serie de medidas preventivas dentro de todos los espacios de la comuna, que incluyen el cierre del edificio principal de calle 25 de Mayo por el Martes 18.<br>Durante el tiempo que permanezca cerrado se realizar\u00e1 la completa sanitizaci\u00f3n y desinfecci\u00f3n de todas las dependencias.<br>Adem\u00e1s, est\u00e1 previsto poner en pr\u00e1ctica un nuevo protocolo de trabajo debido al contexto actual, que permitir\u00e1n reforzar las medidas de seguridad que ya se ven\u00edan adoptando en resguardo de los obreros y empleados.<br>De esta manera se estar\u00e1n tomando todas las precauciones del caso y las medidas de prevenci\u00f3n trabajando bajo los estrictos protocolos establecidos desde el Gobierno de la provincia.<\/p>\n","protected":false},"excerpt":{"rendered":"<p>MUNICIPALIDAD DE LA BANDA<\/p>\n","protected":false},"author":2,"featured_media":9546,"comment_status":"open","ping_status":"open","sticky":false,"template":"","format":"standard","meta":{"om_disable_all_campaigns":false,"_monsterinsights_skip_tracking":false,"_monsterinsights_sitenote_active":false,"_monsterinsights_sitenote_note":"","_monsterinsights_sitenote_category":0,"_uf_show_specific_survey":0,"_uf_disable_surveys":false,"jetpack_post_was_ever_published":false,"_jetpack_newsletter_access":"","_jetpack_dont_email_post_to_subs":false,"_jetpack_newsletter_tier_id":0,"_jetpack_memberships_contains_paywalled_content":false,"_jetpack_memberships_contains_paid_content":false,"footnotes":"","jetpack_publicize_message":"","jetpack_publicize_feature_enabled":true,"jetpack_social_post_already_shared":false,"jetpack_social_options":{"image_generator_settings":{"template":"highway","default_image_id":0,"font":"","enabled":false},"version":2}},"categories":[21],"tags":[],"class_list":["post-9545","post","type-post","status-publish","format-standard","has-post-thumbnail","hentry","category-locales"],"aioseo_notices":[],"views":4,"jetpack_publicize_connections":[],"jetpack_featured_media_url":"https:\/\/i0.wp.com\/elterritorialweb.com.ar\/web\/wp-content\/uploads\/2020\/08\/LA-BANDA-EDIFICIO-COMUNAL.jpg?fit=280%2C180&ssl=1","jetpack_sharing_enabled":true,"_links":{"self":[{"href":"https:\/\/elterritorialweb.com.ar\/web\/wp-json\/wp\/v2\/posts\/9545","targetHints":{"allow":["GET"]}}],"collection":[{"href":"https:\/\/elterritorialweb.com.ar\/web\/wp-json\/wp\/v2\/posts"}],"about":[{"href":"https:\/\/elterritorialweb.com.ar\/web\/wp-json\/wp\/v2\/types\/post"}],"author":[{"embeddable":true,"href":"https:\/\/elterritorialweb.com.ar\/web\/wp-json\/wp\/v2\/users\/2"}],"replies":[{"embeddable":true,"href":"https:\/\/elterritorialweb.com.ar\/web\/wp-json\/wp\/v2\/comments?post=9545"}],"version-history":[{"count":1,"href":"https:\/\/elterritorialweb.com.ar\/web\/wp-json\/wp\/v2\/posts\/9545\/revisions"}],"predecessor-version":[{"id":9547,"href":"https:\/\/elterritorialweb.com.ar\/web\/wp-json\/wp\/v2\/posts\/9545\/revisions\/9547"}],"wp:featuredmedia":[{"embeddable":true,"href":"https:\/\/elterritorialweb.com.ar\/web\/wp-json\/wp\/v2\/media\/9546"}],"wp:attachment":[{"href":"https:\/\/elterritorialweb.com.ar\/web\/wp-json\/wp\/v2\/media?parent=9545"}],"wp:term":[{"taxonomy":"category","embeddable":true,"href":"https:\/\/elterritorialweb.com.ar\/web\/wp-json\/wp\/v2\/categories?post=9545"},{"taxonomy":"post_tag","embeddable":true,"href":"https:\/\/elterritorialweb.com.ar\/web\/wp-json\/wp\/v2\/tags?post=9545"}],"curies":[{"name":"wp","href":"https:\/\/api.w.org\/{rel}","templated":true}]}}