{"id":9551,"date":"2020-08-18T01:26:40","date_gmt":"2020-08-18T01:26:40","guid":{"rendered":"http:\/\/elterritorialweb.com.ar\/web\/?p=9551"},"modified":"2020-08-18T01:26:41","modified_gmt":"2020-08-18T01:26:41","slug":"reporte-diario-de-covid-19-en-santiago-el-dia-de-hoy-no-se-procesaron-muestras","status":"publish","type":"post","link":"https:\/\/elterritorialweb.com.ar\/web\/reporte-diario-de-covid-19-en-santiago-el-dia-de-hoy-no-se-procesaron-muestras\/","title":{"rendered":"REPORTE DIARIO DE COVID-19 EN SANTIAGO: EL D\u00cdA DE HOY NO SE PROCESARON MUESTRAS"},"content":{"rendered":"\n<p><strong>En el d\u00eda de hoy no se procesaron muestras por lo que la actualizaci\u00f3n de casos se realizar\u00e1 ma\u00f1ana a partir de los informes del Centro de Estudios Metab\u00f3licos y Moleculares.<br>Total confirmados acumulados a la fecha: 372<br><\/strong>Recuperados: 42<br>Pacientes internados: 21 positivos en el Hospital Independencia , de los cuales 7 est\u00e1n en UTI sin Asistencia Respiratoria Mec\u00e1nica (ARM). Adem\u00e1s, 2 pacientes internados en el sub sector privado<br>Pacientes en aislamiento intermedio: 56 (30 pacientes en el Nodo Tecnol\u00f3gico, 14 en Termas de R\u00edo Hondo y 12 en Nueva Esperanza )<br>Pacientes en aislamiento sanitario domiciliario: 250 personas.<br>Finalizaron el aislamiento preventivo obligatorio: 1929 personas.<br>En seguimiento epidemiol\u00f3gico: 21 personas con antecedente de viaje.<br>Descartados: 7536 casos, de los cuales 253 fueron contactos de caso confirmado.<\/p>\n\n\n\n<p><strong>Aclaraci\u00f3n:<\/strong> <em>El reporte del d\u00eda de hoy del Ministerio de Salud de la Naci\u00f3n, refleja los datos con un d\u00eda de atraso. Por lo tanto, no se registran los casos confirmados en el d\u00eda de ayer.<\/em><\/p>\n\n\n\n<p>El\u00a0Ministerio de Salud inform\u00f3 que el Protocolo para hisopados a contactos estrechos de casos positivos se realizar\u00e1 de manera programada y seg\u00fan el protocolo estipulado por el Ministerio de Salud de la Naci\u00f3n, de acuerdo a la situaci\u00f3n epidemiol\u00f3gica. <\/p>\n\n\n\n<p>En consecuencia la prueba de hisopado se realizar\u00e1:<br><strong>Los contactos estrechos de casos confirmados <\/strong>que presenten dos o m\u00e1s de los siguientes s\u00edntomas de COVID 19: fiebre, falta de aire, tos, dolor de garganta, p\u00e9rdida repentina de gusto y olfato, cefalea, v\u00f3mitos o diarrea.<br><strong>Los contactos estrechos que tengan factores de riesgo:<\/strong> inmunosuprimidos, diab\u00e9ticos, trasplantados o personas con EPOC, pacientes dializados y oncol\u00f3gicos, mayores de 60 a\u00f1os y embarazadas.<br>&#x203c;&#xfe0f;Es muy importante subrayar que SIEMPRE se deber\u00e1 realizar un\u00a0AISLAMIENTO\u00a0sanitario obligatorio por 14 d\u00edas en su domicilio o en un centro de aislamiento si no dispone de lugar adecuado para ello, independientemente de que el resultado del hisopado sea positivo o negativo o aquellas personas que no han sido hisopadas por no presentar s\u00edntomas y han sido contactos estrechos.<br>Tambi\u00e9n se advierte que, estando con las condiciones descriptas anteriormente, las personas NO DEBE CONCURRIR A LOS LUGARES DE TRABAJO hasta cumplir con el plazo del aislamiento.<br>Se recuerda que quedan terminantemente prohibidas las reuniones familiares y sociales.<\/p>\n","protected":false},"excerpt":{"rendered":"<p>MINISTERIO DE SALUD DE LA PROVINCIA<\/p>\n","protected":false},"author":2,"featured_media":6521,"comment_status":"open","ping_status":"open","sticky":false,"template":"","format":"standard","meta":{"om_disable_all_campaigns":false,"_monsterinsights_skip_tracking":false,"_monsterinsights_sitenote_active":false,"_monsterinsights_sitenote_note":"","_monsterinsights_sitenote_category":0,"_uf_show_specific_survey":0,"_uf_disable_surveys":false,"jetpack_post_was_ever_published":false,"_jetpack_newsletter_access":"","_jetpack_dont_email_post_to_subs":false,"_jetpack_newsletter_tier_id":0,"_jetpack_memberships_contains_paywalled_content":false,"_jetpack_memberships_contains_paid_content":false,"footnotes":"","jetpack_publicize_message":"","jetpack_publicize_feature_enabled":true,"jetpack_social_post_already_shared":false,"jetpack_social_options":{"image_generator_settings":{"template":"highway","default_image_id":0,"font":"","enabled":false},"version":2}},"categories":[3],"tags":[],"class_list":["post-9551","post","type-post","status-publish","format-standard","has-post-thumbnail","hentry","category-salud"],"aioseo_notices":[],"views":3,"jetpack_publicize_connections":[],"jetpack_featured_media_url":"https:\/\/i0.wp.com\/elterritorialweb.com.ar\/web\/wp-content\/uploads\/2020\/06\/SALUD-4.jpg?fit=960%2C699&ssl=1","jetpack_sharing_enabled":true,"_links":{"self":[{"href":"https:\/\/elterritorialweb.com.ar\/web\/wp-json\/wp\/v2\/posts\/9551","targetHints":{"allow":["GET"]}}],"collection":[{"href":"https:\/\/elterritorialweb.com.ar\/web\/wp-json\/wp\/v2\/posts"}],"about":[{"href":"https:\/\/elterritorialweb.com.ar\/web\/wp-json\/wp\/v2\/types\/post"}],"author":[{"embeddable":true,"href":"https:\/\/elterritorialweb.com.ar\/web\/wp-json\/wp\/v2\/users\/2"}],"replies":[{"embeddable":true,"href":"https:\/\/elterritorialweb.com.ar\/web\/wp-json\/wp\/v2\/comments?post=9551"}],"version-history":[{"count":1,"href":"https:\/\/elterritorialweb.com.ar\/web\/wp-json\/wp\/v2\/posts\/9551\/revisions"}],"predecessor-version":[{"id":9552,"href":"https:\/\/elterritorialweb.com.ar\/web\/wp-json\/wp\/v2\/posts\/9551\/revisions\/9552"}],"wp:featuredmedia":[{"embeddable":true,"href":"https:\/\/elterritorialweb.com.ar\/web\/wp-json\/wp\/v2\/media\/6521"}],"wp:attachment":[{"href":"https:\/\/elterritorialweb.com.ar\/web\/wp-json\/wp\/v2\/media?parent=9551"}],"wp:term":[{"taxonomy":"category","embeddable":true,"href":"https:\/\/elterritorialweb.com.ar\/web\/wp-json\/wp\/v2\/categories?post=9551"},{"taxonomy":"post_tag","embeddable":true,"href":"https:\/\/elterritorialweb.com.ar\/web\/wp-json\/wp\/v2\/tags?post=9551"}],"curies":[{"name":"wp","href":"https:\/\/api.w.org\/{rel}","templated":true}]}}