{"id":9553,"date":"2020-08-18T01:35:43","date_gmt":"2020-08-18T01:35:43","guid":{"rendered":"http:\/\/elterritorialweb.com.ar\/web\/?p=9553"},"modified":"2020-08-18T01:35:44","modified_gmt":"2020-08-18T01:35:44","slug":"4-557-nuevos-casos-de-covid-19-en-24-horascon-un-total-de-299-126-infectados-en-el-pais","status":"publish","type":"post","link":"https:\/\/elterritorialweb.com.ar\/web\/4-557-nuevos-casos-de-covid-19-en-24-horascon-un-total-de-299-126-infectados-en-el-pais\/","title":{"rendered":"4.557 NUEVOS CASOS DE COVID-19 EN 24 HORAS,CON UN TOTAL DE 299.126 INFECTADOS EN EL PA\u00cdS"},"content":{"rendered":"\n<p>Argentina report\u00f3 hoy&nbsp;<strong>111 decesos y 4.557 casos positivos de coronavirus,<\/strong>&nbsp;con lo que son 5.814 los fallecidos y 299.126 los contagiados desde el inicio de la pandemia,<strong>&nbsp;mientras el presidente Alberto Fern\u00e1ndez dijo que producir una vacuna \u00abque termine\u00bb con la enfermedad en Am\u00e9rica latina es una forma de ganarse el \u00aborgullo nacional\u00bb,&nbsp;<\/strong>durante la conmemoraci\u00f3n de un nuevo aniversario de la muerte del libertador Jos\u00e9 de San Mart\u00edn.<\/p>\n\n\n\n<p><strong>El Ministerio de Salud inform\u00f3 que, del total de infectados, 1.157 (0,4%) son importados, 76.226 (25,5%) contactos estrechos de casos confirmados, 180.483 (60,3%) casos de circulaci\u00f3n comunitaria y el resto se encuentra en investigaci\u00f3n epidemiol\u00f3gica.<\/strong><\/p>\n\n\n\n<p>El reporte vespertino consign\u00f3 que murieron 34 hombres, 20 residentes en la provincia de Buenos Aires; 8 en la Ciudad de Buenos Aires; 1 en Chaco; 1 en Entre R\u00edos; 1 en R\u00edo Negro; 1 en Santa Fe y 2 en Salta.<\/p>\n\n\n\n<p>Adem\u00e1s, 30 mujeres: 13 residentes en la provincia de Buenos Aires; 11 en la Ciudad de Buenos Aires; 1 en Entre R\u00edos; 1 en C\u00f3rdoba; 1 en Mendoza; 1 en R\u00edo Negro y 2 en Salta.<\/p>\n\n\n\n<p>El&nbsp;<strong>parte matutino<\/strong>&nbsp;inform\u00f3 que fallecieron 21 hombres, 11 residentes en la provincia de Buenos Aires; 4 en la Ciudad de Buenos Aires; 3 en Chaco; 1 en Neuqu\u00e9n; 1 en R\u00edo Negro y 1 en Salta; y 26 mujeres: 15 residentes en la provincia de Buenos Aires; 6 en la Ciudad de Buenos Aires; 3 en R\u00edo Negro; 1 en Salta y 1 en Tierra del Fuego.<\/p>\n","protected":false},"excerpt":{"rendered":"<p>MINISTERIO DE SALUD DE LA NACI\u00d3N<\/p>\n","protected":false},"author":2,"featured_media":9554,"comment_status":"open","ping_status":"open","sticky":false,"template":"","format":"standard","meta":{"om_disable_all_campaigns":false,"_monsterinsights_skip_tracking":false,"_monsterinsights_sitenote_active":false,"_monsterinsights_sitenote_note":"","_monsterinsights_sitenote_category":0,"_uf_show_specific_survey":0,"_uf_disable_surveys":false,"jetpack_post_was_ever_published":false,"_jetpack_newsletter_access":"","_jetpack_dont_email_post_to_subs":false,"_jetpack_newsletter_tier_id":0,"_jetpack_memberships_contains_paywalled_content":false,"_jetpack_memberships_contains_paid_content":false,"footnotes":"","jetpack_publicize_message":"","jetpack_publicize_feature_enabled":true,"jetpack_social_post_already_shared":false,"jetpack_social_options":{"image_generator_settings":{"template":"highway","default_image_id":0,"font":"","enabled":false},"version":2}},"categories":[3],"tags":[],"class_list":["post-9553","post","type-post","status-publish","format-standard","has-post-thumbnail","hentry","category-salud"],"aioseo_notices":[],"views":4,"jetpack_publicize_connections":[],"jetpack_featured_media_url":"https:\/\/i0.wp.com\/elterritorialweb.com.ar\/web\/wp-content\/uploads\/2020\/08\/NUEVOS-CASOS-17-DE-AGOSTO.jpg?fit=680%2C383&ssl=1","jetpack_sharing_enabled":true,"_links":{"self":[{"href":"https:\/\/elterritorialweb.com.ar\/web\/wp-json\/wp\/v2\/posts\/9553","targetHints":{"allow":["GET"]}}],"collection":[{"href":"https:\/\/elterritorialweb.com.ar\/web\/wp-json\/wp\/v2\/posts"}],"about":[{"href":"https:\/\/elterritorialweb.com.ar\/web\/wp-json\/wp\/v2\/types\/post"}],"author":[{"embeddable":true,"href":"https:\/\/elterritorialweb.com.ar\/web\/wp-json\/wp\/v2\/users\/2"}],"replies":[{"embeddable":true,"href":"https:\/\/elterritorialweb.com.ar\/web\/wp-json\/wp\/v2\/comments?post=9553"}],"version-history":[{"count":1,"href":"https:\/\/elterritorialweb.com.ar\/web\/wp-json\/wp\/v2\/posts\/9553\/revisions"}],"predecessor-version":[{"id":9555,"href":"https:\/\/elterritorialweb.com.ar\/web\/wp-json\/wp\/v2\/posts\/9553\/revisions\/9555"}],"wp:featuredmedia":[{"embeddable":true,"href":"https:\/\/elterritorialweb.com.ar\/web\/wp-json\/wp\/v2\/media\/9554"}],"wp:attachment":[{"href":"https:\/\/elterritorialweb.com.ar\/web\/wp-json\/wp\/v2\/media?parent=9553"}],"wp:term":[{"taxonomy":"category","embeddable":true,"href":"https:\/\/elterritorialweb.com.ar\/web\/wp-json\/wp\/v2\/categories?post=9553"},{"taxonomy":"post_tag","embeddable":true,"href":"https:\/\/elterritorialweb.com.ar\/web\/wp-json\/wp\/v2\/tags?post=9553"}],"curies":[{"name":"wp","href":"https:\/\/api.w.org\/{rel}","templated":true}]}}