{"id":9753,"date":"2020-08-21T02:22:39","date_gmt":"2020-08-21T02:22:39","guid":{"rendered":"http:\/\/elterritorialweb.com.ar\/web\/?p=9753"},"modified":"2020-08-21T02:22:39","modified_gmt":"2020-08-21T02:22:39","slug":"piden-captura-internacional-para-el-golfista-angel-pato-cabrera-por-violencia-familiar","status":"publish","type":"post","link":"https:\/\/elterritorialweb.com.ar\/web\/piden-captura-internacional-para-el-golfista-angel-pato-cabrera-por-violencia-familiar\/","title":{"rendered":"PIDEN CAPTURA INTERNACIONAL PARA EL GOLFISTA \u00c1NGEL \u00abPATO\u00bb CABRERA POR VIOLENCIA FAMILIAR"},"content":{"rendered":"\n<p>La jueza M\u00f3nica Traballini orden\u00f3 la detenci\u00f3n y captura del golfista \u00c1ngel \u00abPato\u00bb Cabrera, compareciendo los pedidos la fiscal de la C\u00e1mara II en lo Criminal y Correccional de C\u00f3rdoba, Laura Batistelli, quien pidi\u00f3 hoy la detenci\u00f3n en l\u00ednea con la solicitud que ya hab\u00eda presentado el fiscal de Violencia Familiar de C\u00f3rdoba, Cristian Griffi, por presunta violaci\u00f3n de las restricciones impuestas en la causa de violencia de g\u00e9nero iniciada por su expareja.<\/p>\n\n\n\n<p>Carlos Nayi, abogado defensor de Cecilia Torres Mana, la mujer que acusa a Cabrera, precis\u00f3 a T\u00e9lam que \u201clo que se sum\u00f3 hoy es el pedido de detenci\u00f3n de parte de Batistelli, por lo que ahora hay dos\u201d, a la vez que sostuvo que la fiscal \u201ces la que decide si se acude al pedido de captura internacional\u201d para el golfista, que se encuentra en Estados Unidos jugando distintos torneos.<\/p>\n\n\n\n<p>Por su parte, el defensor del golfista, Miguel Gavier, dijo a los medios que \u201ccuando pueda Cabrera volver\u00e1 al pa\u00eds\u00bb y que no lo hizo hasta el momento \u00abporque no hay vuelos\u201d.<\/p>\n\n\n\n<p>Sobre esa afirmaci\u00f3n de Gavier, Nayi indic\u00f3 que son \u00abestrategias de defensa, pero as\u00ed como se fue, va a tener que volver. Hay que investigar c\u00f3mo sali\u00f3, eso es motivo de otra investigaci\u00f3n\u201d.<\/p>\n\n\n\n<p>Cabrera, de 50 a\u00f1os, deb\u00eda presentarse el viernes pasado en el Ministerio P\u00fablico Fiscal, pero como no lo hizo la justicia allan\u00f3 su casa de la localidad de Villa Allende y el personal policial fue informado por el cuidador de que no estaba en el pa\u00eds.<\/p>\n\n\n\n<p>El ganador del US Open 2007 y del Masters de Augusta en 2009 concluy\u00f3 el s\u00e1bado su participaci\u00f3n en el Campeonato Senior de Ohio, Estados Unidos, v\u00e1lido por el circuito del Champions Tour, para mayores de 50 a\u00f1os, en el 76to lugar entre 81 jugadores, con 236 golpes (+26), del torneo que tuvo como ganador al estadounidense Jerry Kelly con 208 (-2).<\/p>\n\n\n\n<p>Adem\u00e1s, esta semana est\u00e1 jugando el Charles Schwab Series at Bass Pro Shops, en Buffalo Ridge, Minnesota, Estados Unidos, donde hizo 140 golpes (-2) en dos rondas, para ubicarse en el 39mo, lugar, a 12 impactos del l\u00edder, el estadounidense Shane Bertsch, a falta de la vuelta de ma\u00f1ana.<\/p>\n\n\n\n<p>Para salir del pa\u00eds, el golfista deb\u00eda solicitar autorizaci\u00f3n judicial y, presuntamente, tampoco cumpli\u00f3 con ese requisito, informaron a T\u00e9lam fuentes de la justicia provincial.<\/p>\n\n\n\n<p>La causa que implica al golfista tuvo su desenlace en diciembre de 2016 cuando, seg\u00fan la instrucci\u00f3n del expediente, su expareja, la polic\u00eda Torres Mana, lo denunci\u00f3 por \u00abmaltratos y golpes de pu\u00f1o en la cara\u00bb.<\/p>\n\n\n\n<p>Nayi hab\u00eda relatado que el fiscal Griffi envi\u00f3 un oficio a Interpol para que se \u00abubique y capture a Cabrera en el lugar en donde se encuentre y sea trasladado inmediatamente a la Argentina\u00bb.<\/p>\n\n\n\n<p>El letrado precis\u00f3 que el golfista cordob\u00e9s est\u00e1 a punto de enfrentar un proceso de enjuiciamiento, ante la C\u00e1mara Segunda del Crimen, en dos causas acumuladas por violencia de g\u00e9nero en contra de su representada, una por \u00ablesiones leves calificadas y amenazas\u00bb, del 2017, y otra por \u00ablesiones leves calificada y hurtos\u00bb del 2018.<\/p>\n\n\n\n<p>Asimismo, Nayi afirm\u00f3 que por las distintas maniobras judiciales para \u00abevitar el juicio\u00bb, el golfista representa un \u00abriesgo procesal\u00bb y debe ser detenido.<\/p>\n\n\n\n<p>Afirm\u00f3 tambi\u00e9n que el acusado \u00abviol\u00f3 varias \u00f3rdenes de restricciones\u00bb, que se le hab\u00edan impuesto durante la instrucci\u00f3n de la causa.<\/p>\n\n\n\n<p>El domicilio de Cabrera fue allanado ayer por orden judicial porque no se hab\u00eda presentado en la Justicia, tal como deb\u00eda hacerlo con frecuencia, raz\u00f3n por el cual el fiscal Griffi emiti\u00f3 los oficios para que sea capturado porque \u00abno pod\u00eda salir del pa\u00eds sin autorizaci\u00f3n de la Justicia\u00bb, asever\u00f3 el abogado Nayi.<\/p>\n","protected":false},"excerpt":{"rendered":"<p>INTERPOL orden\u00f3 la captura del golfista, denunciado por violencia de g\u00e9nero<\/p>\n","protected":false},"author":2,"featured_media":9754,"comment_status":"open","ping_status":"open","sticky":false,"template":"","format":"standard","meta":{"om_disable_all_campaigns":false,"_monsterinsights_skip_tracking":false,"_monsterinsights_sitenote_active":false,"_monsterinsights_sitenote_note":"","_monsterinsights_sitenote_category":0,"_uf_show_specific_survey":0,"_uf_disable_surveys":false,"jetpack_post_was_ever_published":false,"_jetpack_newsletter_access":"","_jetpack_dont_email_post_to_subs":false,"_jetpack_newsletter_tier_id":0,"_jetpack_memberships_contains_paywalled_content":false,"_jetpack_memberships_contains_paid_content":false,"footnotes":"","jetpack_publicize_message":"","jetpack_publicize_feature_enabled":true,"jetpack_social_post_already_shared":false,"jetpack_social_options":{"image_generator_settings":{"template":"highway","default_image_id":0,"font":"","enabled":false},"version":2}},"categories":[6],"tags":[],"class_list":["post-9753","post","type-post","status-publish","format-standard","has-post-thumbnail","hentry","category-deportes"],"aioseo_notices":[],"views":4,"jetpack_publicize_connections":[],"jetpack_featured_media_url":"https:\/\/i0.wp.com\/elterritorialweb.com.ar\/web\/wp-content\/uploads\/2020\/08\/ANGEL-PATO-CABRERA-CAPTURA.jpg?fit=680%2C382&ssl=1","jetpack_sharing_enabled":true,"_links":{"self":[{"href":"https:\/\/elterritorialweb.com.ar\/web\/wp-json\/wp\/v2\/posts\/9753","targetHints":{"allow":["GET"]}}],"collection":[{"href":"https:\/\/elterritorialweb.com.ar\/web\/wp-json\/wp\/v2\/posts"}],"about":[{"href":"https:\/\/elterritorialweb.com.ar\/web\/wp-json\/wp\/v2\/types\/post"}],"author":[{"embeddable":true,"href":"https:\/\/elterritorialweb.com.ar\/web\/wp-json\/wp\/v2\/users\/2"}],"replies":[{"embeddable":true,"href":"https:\/\/elterritorialweb.com.ar\/web\/wp-json\/wp\/v2\/comments?post=9753"}],"version-history":[{"count":1,"href":"https:\/\/elterritorialweb.com.ar\/web\/wp-json\/wp\/v2\/posts\/9753\/revisions"}],"predecessor-version":[{"id":9755,"href":"https:\/\/elterritorialweb.com.ar\/web\/wp-json\/wp\/v2\/posts\/9753\/revisions\/9755"}],"wp:featuredmedia":[{"embeddable":true,"href":"https:\/\/elterritorialweb.com.ar\/web\/wp-json\/wp\/v2\/media\/9754"}],"wp:attachment":[{"href":"https:\/\/elterritorialweb.com.ar\/web\/wp-json\/wp\/v2\/media?parent=9753"}],"wp:term":[{"taxonomy":"category","embeddable":true,"href":"https:\/\/elterritorialweb.com.ar\/web\/wp-json\/wp\/v2\/categories?post=9753"},{"taxonomy":"post_tag","embeddable":true,"href":"https:\/\/elterritorialweb.com.ar\/web\/wp-json\/wp\/v2\/tags?post=9753"}],"curies":[{"name":"wp","href":"https:\/\/api.w.org\/{rel}","templated":true}]}}