{"id":9756,"date":"2020-08-21T02:37:35","date_gmt":"2020-08-21T02:37:35","guid":{"rendered":"http:\/\/elterritorialweb.com.ar\/web\/?p=9756"},"modified":"2020-08-21T02:37:37","modified_gmt":"2020-08-21T02:37:37","slug":"sumampa-tras-primer-caso-positivo-el-comite-de-emergencia-tomo-nuevas-medidas","status":"publish","type":"post","link":"https:\/\/elterritorialweb.com.ar\/web\/sumampa-tras-primer-caso-positivo-el-comite-de-emergencia-tomo-nuevas-medidas\/","title":{"rendered":"SUMAMPA: TRAS PRIMER CASO POSITIVO, EL COMIT\u00c9 DE EMERGENCIA TOM\u00d3 NUEVAS MEDIDAS"},"content":{"rendered":"\n<p>Por tal motivo, el intendente Marcelo Bernasconi inform\u00f3 que tras la reuni\u00f3n con el Comit\u00e9 de Emergencia de la ciudad cabecera del departamento Quebrachos, se tomaron nuevas medidas.<\/p>\n\n\n\n<p><em>\u201cA partir de este viernes 21 de agosto y hasta nuevo aviso se establece el horario de 8 a 14 horas para las \u00fanicas y siguientes actividades comerciales: ventas de alimentos, ferreter\u00edas, casas de repuestos, veterinarias, provisi\u00f3n de gas y art\u00edculos de limpieza. Adem\u00e1s de los trabajos de mantenimiento de servicios b\u00e1sicos, delivery de alimentos, medicamentos y productos de higiene\u201d<\/em>, emiti\u00f3 el comunicado.<\/p>\n\n\n\n<p>Por su parte las farmacias y estaciones de servicios estar\u00e1n disponibles de 8 a 24. Habr\u00e1 guardias m\u00ednimas en el municipio y los servicios p\u00fablicos b\u00e1sicos.<\/p>\n\n\n\n<p>En tanto que a persona que se infect\u00f3 de Covid-19 pertenece al equipo de Salud de la comuna.<\/p>\n\n\n\n<figure class=\"wp-block-image size-large\"><img data-recalc-dims=\"1\" decoding=\"async\" width=\"640\" height=\"924\" data-src=\"https:\/\/i0.wp.com\/elterritorialweb.com.ar\/web\/wp-content\/uploads\/2020\/08\/sumampa-comunicado.jpg?resize=640%2C924\" alt=\"\" class=\"wp-image-9757 lazyload\" data-srcset=\"https:\/\/i0.wp.com\/elterritorialweb.com.ar\/web\/wp-content\/uploads\/2020\/08\/sumampa-comunicado.jpg?w=665&amp;ssl=1 665w, https:\/\/i0.wp.com\/elterritorialweb.com.ar\/web\/wp-content\/uploads\/2020\/08\/sumampa-comunicado.jpg?resize=208%2C300&amp;ssl=1 208w\" data-sizes=\"(max-width: 640px) 100vw, 640px\" src=\"data:image\/svg+xml;base64,PHN2ZyB3aWR0aD0iMSIgaGVpZ2h0PSIxIiB4bWxucz0iaHR0cDovL3d3dy53My5vcmcvMjAwMC9zdmciPjwvc3ZnPg==\" style=\"--smush-placeholder-width: 640px; --smush-placeholder-aspect-ratio: 640\/924;\" \/><\/figure>\n\n\n\n<p><\/p>\n","protected":false},"excerpt":{"rendered":"<p>Este jueves, Sumampa registr\u00f3 su primer caso positivo de coronavirus desde el inicio de la pandemia.<\/p>\n","protected":false},"author":2,"featured_media":9758,"comment_status":"open","ping_status":"open","sticky":false,"template":"","format":"standard","meta":{"om_disable_all_campaigns":false,"_monsterinsights_skip_tracking":false,"_monsterinsights_sitenote_active":false,"_monsterinsights_sitenote_note":"","_monsterinsights_sitenote_category":0,"_uf_show_specific_survey":0,"_uf_disable_surveys":false,"jetpack_post_was_ever_published":false,"_jetpack_newsletter_access":"","_jetpack_dont_email_post_to_subs":false,"_jetpack_newsletter_tier_id":0,"_jetpack_memberships_contains_paywalled_content":false,"_jetpack_memberships_contains_paid_content":false,"footnotes":"","jetpack_publicize_message":"","jetpack_publicize_feature_enabled":true,"jetpack_social_post_already_shared":false,"jetpack_social_options":{"image_generator_settings":{"template":"highway","default_image_id":0,"font":"","enabled":false},"version":2}},"categories":[3],"tags":[],"class_list":["post-9756","post","type-post","status-publish","format-standard","has-post-thumbnail","hentry","category-salud"],"aioseo_notices":[],"views":5,"jetpack_publicize_connections":[],"jetpack_featured_media_url":"https:\/\/i0.wp.com\/elterritorialweb.com.ar\/web\/wp-content\/uploads\/2020\/08\/comite-de-emrgencia-sumampa.jpg?fit=960%2C720&ssl=1","jetpack_sharing_enabled":true,"_links":{"self":[{"href":"https:\/\/elterritorialweb.com.ar\/web\/wp-json\/wp\/v2\/posts\/9756","targetHints":{"allow":["GET"]}}],"collection":[{"href":"https:\/\/elterritorialweb.com.ar\/web\/wp-json\/wp\/v2\/posts"}],"about":[{"href":"https:\/\/elterritorialweb.com.ar\/web\/wp-json\/wp\/v2\/types\/post"}],"author":[{"embeddable":true,"href":"https:\/\/elterritorialweb.com.ar\/web\/wp-json\/wp\/v2\/users\/2"}],"replies":[{"embeddable":true,"href":"https:\/\/elterritorialweb.com.ar\/web\/wp-json\/wp\/v2\/comments?post=9756"}],"version-history":[{"count":1,"href":"https:\/\/elterritorialweb.com.ar\/web\/wp-json\/wp\/v2\/posts\/9756\/revisions"}],"predecessor-version":[{"id":9759,"href":"https:\/\/elterritorialweb.com.ar\/web\/wp-json\/wp\/v2\/posts\/9756\/revisions\/9759"}],"wp:featuredmedia":[{"embeddable":true,"href":"https:\/\/elterritorialweb.com.ar\/web\/wp-json\/wp\/v2\/media\/9758"}],"wp:attachment":[{"href":"https:\/\/elterritorialweb.com.ar\/web\/wp-json\/wp\/v2\/media?parent=9756"}],"wp:term":[{"taxonomy":"category","embeddable":true,"href":"https:\/\/elterritorialweb.com.ar\/web\/wp-json\/wp\/v2\/categories?post=9756"},{"taxonomy":"post_tag","embeddable":true,"href":"https:\/\/elterritorialweb.com.ar\/web\/wp-json\/wp\/v2\/tags?post=9756"}],"curies":[{"name":"wp","href":"https:\/\/api.w.org\/{rel}","templated":true}]}}