{"id":9760,"date":"2020-08-21T18:53:14","date_gmt":"2020-08-21T18:53:14","guid":{"rendered":"http:\/\/elterritorialweb.com.ar\/web\/?p=9760"},"modified":"2020-08-21T18:53:16","modified_gmt":"2020-08-21T18:53:16","slug":"covid-19-en-sumampa-nuevas-medidas-de-seguridad-y-cierre-de-la-ciudad","status":"publish","type":"post","link":"https:\/\/elterritorialweb.com.ar\/web\/covid-19-en-sumampa-nuevas-medidas-de-seguridad-y-cierre-de-la-ciudad\/","title":{"rendered":"COVID-19 EN SUMAMPA: NUEVAS MEDIDAS DE SEGURIDAD Y CIERRE DE LA CIUDAD"},"content":{"rendered":"\n<p>El intendente de la ciudad Marcelo Bernasconi, anticipo la llegada de las fuerzas de seguridad, encabezada por el Secretario de Seguridad y el Jefe de policia y 100 efectivos, donde desplegaran su actividad en coodinaci\u00f3n con las nuevas medidas. <\/p>\n\n\n\n<p><strong>\u00abComo primera medida y dada la circunstancia se dispuso restringir la actividad a s\u00f3lo lo esencial en lo que se refiere a venta de alimentos, art\u00edculos de limpieza e higiene personal, farmacias y estaciones de servicios. En el horario de 8 a 14 horas, salvo estaciones de servicio y farmacias que ser\u00e1 de 8 a 22. En el transcurso de los pr\u00f3ximos d\u00edas y luego de ir conociendo resultados de hisopados que se hicieron y se seguir\u00e1n haciendo , se ir\u00e1n tomando otras medidas\u00bb<\/strong>, sostuvo el jefe comunal.<br>Emiti\u00f3 un mensaje a la comunidad,<strong> \u00abSolicitamos extremar medidas sanitarias, quedarse en casa, hoy m\u00e1s que nunca cuid\u00e9monos\u00bb<\/strong>.<\/p>\n\n\n\n<p>Por su parte el <strong>gobernador Gerardo Zamora<\/strong>, orden\u00f3 el cierre preventivo de la ciudad y pidio a la comunidad <strong>\u00abcomprensi\u00f3n y colaboraci\u00f3n para poder culminar lo mas rapidamente posible la tarea epidemiol\u00f3gica correspondiente y evitar la propagacion del virus\u00bb<\/strong>.<\/p>\n\n\n\n<p><em>\u00abAnte un caso positivo de Covid-19 confirmado en Sumampa (que tuvo previamente varios contactos estrechos) se deber\u00e1 realizar una fuerte tarea sanitaria, por lo que he ordenado desde esta madrugada el cierre preventivo para aislar a esa ciudad con desplazamiento de fuerzas policiales, las que a partir de hoy est\u00e1n colaborando con las autoridades municipales y los equipos de salud que realizar\u00e1n los controles e hisopados correspondientes\u00bb.<\/em><\/p>\n\n\n\n<figure><iframe data-src=\"https:\/\/www.facebook.com\/plugins\/post.php?href=https%3A%2F%2Fwww.facebook.com%2FzamoraSDE%2Fposts%2F3068519926601241&amp;width=500\" width=\"500\" height=\"337\" src=\"data:image\/svg+xml;base64,PHN2ZyB3aWR0aD0iMSIgaGVpZ2h0PSIxIiB4bWxucz0iaHR0cDovL3d3dy53My5vcmcvMjAwMC9zdmciPjwvc3ZnPg==\" class=\"lazyload\" data-load-mode=\"1\"><\/iframe><\/figure>\n","protected":false},"excerpt":{"rendered":"<p>En la ciudad de Sumampa se conoci\u00f3 el primer contagiado de coronavirus el \u00faltimo jueves, en el reporte que emiti\u00f3 el Ministerio de Salud de la Provincia.<\/p>\n","protected":false},"author":2,"featured_media":9761,"comment_status":"open","ping_status":"open","sticky":false,"template":"","format":"standard","meta":{"om_disable_all_campaigns":false,"_monsterinsights_skip_tracking":false,"_monsterinsights_sitenote_active":false,"_monsterinsights_sitenote_note":"","_monsterinsights_sitenote_category":0,"_uf_show_specific_survey":0,"_uf_disable_surveys":false,"jetpack_post_was_ever_published":false,"_jetpack_newsletter_access":"","_jetpack_dont_email_post_to_subs":false,"_jetpack_newsletter_tier_id":0,"_jetpack_memberships_contains_paywalled_content":false,"_jetpack_memberships_contains_paid_content":false,"footnotes":"","jetpack_publicize_message":"","jetpack_publicize_feature_enabled":true,"jetpack_social_post_already_shared":false,"jetpack_social_options":{"image_generator_settings":{"template":"highway","default_image_id":0,"font":"","enabled":false},"version":2}},"categories":[3],"tags":[],"class_list":["post-9760","post","type-post","status-publish","format-standard","has-post-thumbnail","hentry","category-salud"],"aioseo_notices":[],"views":4,"jetpack_publicize_connections":[],"jetpack_featured_media_url":"https:\/\/i0.wp.com\/elterritorialweb.com.ar\/web\/wp-content\/uploads\/2020\/08\/sumampa-aislada.jpg?fit=960%2C720&ssl=1","jetpack_sharing_enabled":true,"_links":{"self":[{"href":"https:\/\/elterritorialweb.com.ar\/web\/wp-json\/wp\/v2\/posts\/9760","targetHints":{"allow":["GET"]}}],"collection":[{"href":"https:\/\/elterritorialweb.com.ar\/web\/wp-json\/wp\/v2\/posts"}],"about":[{"href":"https:\/\/elterritorialweb.com.ar\/web\/wp-json\/wp\/v2\/types\/post"}],"author":[{"embeddable":true,"href":"https:\/\/elterritorialweb.com.ar\/web\/wp-json\/wp\/v2\/users\/2"}],"replies":[{"embeddable":true,"href":"https:\/\/elterritorialweb.com.ar\/web\/wp-json\/wp\/v2\/comments?post=9760"}],"version-history":[{"count":1,"href":"https:\/\/elterritorialweb.com.ar\/web\/wp-json\/wp\/v2\/posts\/9760\/revisions"}],"predecessor-version":[{"id":9762,"href":"https:\/\/elterritorialweb.com.ar\/web\/wp-json\/wp\/v2\/posts\/9760\/revisions\/9762"}],"wp:featuredmedia":[{"embeddable":true,"href":"https:\/\/elterritorialweb.com.ar\/web\/wp-json\/wp\/v2\/media\/9761"}],"wp:attachment":[{"href":"https:\/\/elterritorialweb.com.ar\/web\/wp-json\/wp\/v2\/media?parent=9760"}],"wp:term":[{"taxonomy":"category","embeddable":true,"href":"https:\/\/elterritorialweb.com.ar\/web\/wp-json\/wp\/v2\/categories?post=9760"},{"taxonomy":"post_tag","embeddable":true,"href":"https:\/\/elterritorialweb.com.ar\/web\/wp-json\/wp\/v2\/tags?post=9760"}],"curies":[{"name":"wp","href":"https:\/\/api.w.org\/{rel}","templated":true}]}}