{"id":9763,"date":"2020-08-21T19:06:41","date_gmt":"2020-08-21T19:06:41","guid":{"rendered":"http:\/\/elterritorialweb.com.ar\/web\/?p=9763"},"modified":"2020-08-21T19:06:42","modified_gmt":"2020-08-21T19:06:42","slug":"norma-fuentes-entrego-indumentaria-al-personal-de-salud-municipal","status":"publish","type":"post","link":"https:\/\/elterritorialweb.com.ar\/web\/norma-fuentes-entrego-indumentaria-al-personal-de-salud-municipal\/","title":{"rendered":"NORMA FUENTES ENTREG\u00d3 INDUMENTARIA AL PERSONAL DE SALUD MUNICIPAL"},"content":{"rendered":"\n<p>La jefa comunal de la Capital, Ing. Norma Fuentes, destac\u00f3 la tarea que desarrolla el personal de salud del municipio en la situaci\u00f3n epidemiol\u00f3gica actual, al remarcar que la ciudad los necesita trabajando haciendo cumplir las medidas preventivas, sobre todo respetando y concientizando de cumplir estrictamente los protocolos para evitar contagios de Covid &#8211; 19.<br>Lo hizo durante la entrega de indumentaria para el personal de los nueve Centros de Atenci\u00f3n Primaria de Salud, que consisti\u00f3 en ambos, pantalones, chaquetas y camperas.<br>\u00abLa atenci\u00f3n primaria de la salud es fundamental, como lo demostramos en las tareas diarias que realizamos en la ciudad en forma articulada con el Ministerio de Salud de la provincia\u00bb, expres\u00f3 la intendente.<br>\u00abLas capacitaciones de las que vinieron participando de manera virtual, nos permitieron estar a la altura de las circunstancias que estamos viviendo\u00bb, agreg\u00f3.<br>Adem\u00e1s, la Ing. Fuentes resalt\u00f3 la importancia de respetar los protocolos y la estrategia de trabajo que se viene implementando en las diferentes direcciones municipales, generando \u00abburbujas laborales\u00bb con el aislamiento que corresponde.<br>\u00abApliquemos a rajatabla lo que nos indican los sanitaristas, la ciudad nos necesita m\u00e1s que nunca, ya llegar\u00e1 el momento de entablar mucho m\u00e1s contacto f\u00edsico\u00bb, se\u00f1al\u00f3.<br>Adem\u00e1s, pidi\u00f3 a la comunidad profundizar los cuidados y la higiene e invit\u00f3 a los agentes de la comuna a mantener la contenci\u00f3n humana que brindan diariamente a los vecinos.<\/p>\n","protected":false},"excerpt":{"rendered":"<p>MUNICIPALIDAD DE LA CAPITAL<\/p>\n","protected":false},"author":2,"featured_media":9764,"comment_status":"open","ping_status":"open","sticky":false,"template":"","format":"standard","meta":{"om_disable_all_campaigns":false,"_monsterinsights_skip_tracking":false,"_monsterinsights_sitenote_active":false,"_monsterinsights_sitenote_note":"","_monsterinsights_sitenote_category":0,"_uf_show_specific_survey":0,"_uf_disable_surveys":false,"jetpack_post_was_ever_published":false,"_jetpack_newsletter_access":"","_jetpack_dont_email_post_to_subs":false,"_jetpack_newsletter_tier_id":0,"_jetpack_memberships_contains_paywalled_content":false,"_jetpack_memberships_contains_paid_content":false,"footnotes":"","jetpack_publicize_message":"","jetpack_publicize_feature_enabled":true,"jetpack_social_post_already_shared":false,"jetpack_social_options":{"image_generator_settings":{"template":"highway","default_image_id":0,"font":"","enabled":false},"version":2}},"categories":[21],"tags":[],"class_list":["post-9763","post","type-post","status-publish","format-standard","has-post-thumbnail","hentry","category-locales"],"aioseo_notices":[],"views":8,"jetpack_publicize_connections":[],"jetpack_featured_media_url":"https:\/\/i0.wp.com\/elterritorialweb.com.ar\/web\/wp-content\/uploads\/2020\/08\/FUENTES-INDUMENTARIA-PERSONAL-SALUD.jpg?fit=960%2C536&ssl=1","jetpack_sharing_enabled":true,"_links":{"self":[{"href":"https:\/\/elterritorialweb.com.ar\/web\/wp-json\/wp\/v2\/posts\/9763","targetHints":{"allow":["GET"]}}],"collection":[{"href":"https:\/\/elterritorialweb.com.ar\/web\/wp-json\/wp\/v2\/posts"}],"about":[{"href":"https:\/\/elterritorialweb.com.ar\/web\/wp-json\/wp\/v2\/types\/post"}],"author":[{"embeddable":true,"href":"https:\/\/elterritorialweb.com.ar\/web\/wp-json\/wp\/v2\/users\/2"}],"replies":[{"embeddable":true,"href":"https:\/\/elterritorialweb.com.ar\/web\/wp-json\/wp\/v2\/comments?post=9763"}],"version-history":[{"count":1,"href":"https:\/\/elterritorialweb.com.ar\/web\/wp-json\/wp\/v2\/posts\/9763\/revisions"}],"predecessor-version":[{"id":9765,"href":"https:\/\/elterritorialweb.com.ar\/web\/wp-json\/wp\/v2\/posts\/9763\/revisions\/9765"}],"wp:featuredmedia":[{"embeddable":true,"href":"https:\/\/elterritorialweb.com.ar\/web\/wp-json\/wp\/v2\/media\/9764"}],"wp:attachment":[{"href":"https:\/\/elterritorialweb.com.ar\/web\/wp-json\/wp\/v2\/media?parent=9763"}],"wp:term":[{"taxonomy":"category","embeddable":true,"href":"https:\/\/elterritorialweb.com.ar\/web\/wp-json\/wp\/v2\/categories?post=9763"},{"taxonomy":"post_tag","embeddable":true,"href":"https:\/\/elterritorialweb.com.ar\/web\/wp-json\/wp\/v2\/tags?post=9763"}],"curies":[{"name":"wp","href":"https:\/\/api.w.org\/{rel}","templated":true}]}}